{"id":10120,"date":"2015-06-15T07:34:41","date_gmt":"2015-06-15T07:34:41","guid":{"rendered":"http:\/\/www.europa-prefabri.com\/fr\/?p=10120"},"modified":"2025-01-31T10:41:07","modified_gmt":"2025-01-31T09:41:07","slug":"logements-prefabriques-modulaires","status":"publish","type":"post","link":"https:\/\/www.europa-prefabri.com\/fr\/logements-prefabriques-modulaires\/","title":{"rendered":"LOGEMENTS PR\u00c9FABRIQU\u00c9S MODULAIRES"},"content":{"rendered":"<section  class='av_textblock_section av-m6kk9sru-c335c97ecca31a0082dcb96470843e6f '   itemscope=\"itemscope\" itemtype=\"https:\/\/schema.org\/BlogPosting\" itemprop=\"blogPost\" ><div class='avia_textblock'  itemprop=\"text\" ><p>Chers amis,<\/p>\n<p>Voici un article int\u00e9ressant sur les logements pr\u00e9fabriqu\u00e9s \u00e9labor\u00e9s par <a href=\"https:\/\/ovacen.com\/\">https:\/\/ovacen.com\/<\/a><\/p>\n<p>Nous esp\u00e9rons que cela vous plaira\u00a0!<\/p>\n<p><strong>\u00a0<\/strong><\/p>\n<p><strong>LE LOGEMENT PR\u00c9FABRIQU\u00c9 ET SON DESSIN MODULAIRE <\/strong><\/p>\n<p>La th\u00e9matique de <strong>l\u2019architecture pr\u00e9fabriqu\u00e9e<\/strong> est en constante remise \u00e0 jour. Le d\u00e9veloppement de nouveaux mat\u00e9riaux, techniques et l\u2019audace de plus d\u2019un concepteur de construction a contribu\u00e9 au d\u00e9veloppement de la <strong>construction modulaire<\/strong> industrialis\u00e9e, repr\u00e9sent\u00e9e principalement pour les <strong>logements pr\u00e9fabriqu\u00e9s ou modulaires<\/strong> que certains techniciens identifient comme la technologie de construction avanc\u00e9e, en r\u00e9ponse \u00e0 une demande chaque jour plus exigeante par rapport \u00e0 certains aspects en relation avec cette derni\u00e8re\u00a0: les prix, la qualit\u00e9 de construction, les d\u00e9lais d\u2019ex\u00e9cution, la s\u00e9curit\u00e9 et surtout, l\u2019impact environnemental des constructions et leur durabilit\u00e9.<\/p>\n<p><strong>La vente de maisons pr\u00e9fabriqu\u00e9es. Un march\u00e9 en hausse<\/strong><\/p>\n<p>De la m\u00eame fa\u00e7on que de nombreux secteurs de l\u2019industrie au niveau mondial, le secteur du logement se dirige \u00e9galement vers une identit\u00e9 \u00ab\u00a0\u00c9cologique\u00a0\u00bb. Le march\u00e9 immobilier au moment de vendre des maisons, \u00e0 un int\u00e9r\u00eat plus important de se tourner vers des <strong>maisons ou des logements pr\u00e9fabriqu\u00e9s, \u00e9cologiques et \u00e9nerg\u00e9tiquement plus efficaces\u00a0<\/strong>lors de leurs<strong> dessins modulaires<\/strong>. L\u2019achat et la vente de maisons modulaires se dirige vers une identit\u00e9 plus \u00e9cologique avec des mod\u00e8les de logement innovants qui am\u00e9liorent la basse consommation de carbone avec un objectif clair, celui de r\u00e9duire l\u2019inefficacit\u00e9 et le co\u00fbt d\u2019acquisition.<\/p>\n<p>Traditionnellement, les \u00c9tats-Unis, le Canada et l\u2019Europe, nous repr\u00e9sentons ensemble trois des plus grands march\u00e9s r\u00e9gionaux, en obtenant une participation majoritaire sur le march\u00e9 mondial de <strong>logements pr\u00e9fabriqu\u00e9s<\/strong>, selon la d\u00e9claration du nouveau rapport de l\u2019investigation du march\u00e9 des maisons pr\u00e9fabriqu\u00e9es (ICI). On estime qu\u2019au niveau de la r\u00e9gion de l\u2019Asie, les march\u00e9s en Australie et en Nouvelle-Z\u00e9lande sont consid\u00e9r\u00e9s comme des pionniers dans la <strong>conception de logement pr\u00e9fabriqu\u00e9<\/strong>.\u00a0 Le d\u00e9veloppement rapide des march\u00e9s immobiliers en croissance en Chine, Inde, Taiwan, Cor\u00e9e et autres plus r\u00e9cents engendrent des opportunit\u00e9s d\u2019affaires \u00e0 grande \u00e9chelle sur le territoire avec un fort taux de croissance par an atteignant 4,4% d\u2019ici 2017.<\/p>\n<p><strong>\u00a0<img loading=\"lazy\" decoding=\"async\" class=\"alignnone size-thumbnail wp-image-10513\" src=\"https:\/\/www.europa-prefabri.com\/wp-content\/uploads\/\/mercado-inmobiliario-vivienda-prefabricada-80x80.png\" alt=\"mercado-inmobiliario-vivienda-prefabricada\" width=\"80\" height=\"80\" srcset=\"https:\/\/www.europa-prefabri.com\/wp-content\/uploads\/mercado-inmobiliario-vivienda-prefabricada-80x80.png 80w, https:\/\/www.europa-prefabri.com\/wp-content\/uploads\/mercado-inmobiliario-vivienda-prefabricada-36x36.png 36w, https:\/\/www.europa-prefabri.com\/wp-content\/uploads\/mercado-inmobiliario-vivienda-prefabricada-180x180.png 180w, https:\/\/www.europa-prefabri.com\/wp-content\/uploads\/mercado-inmobiliario-vivienda-prefabricada-120x120.png 120w\" sizes=\"auto, (max-width: 80px) 100vw, 80px\" \/><\/strong><\/p>\n<p><strong>MAISONS ET LOGEMENTS MODULAIRES <\/strong><\/p>\n<p>Le logement moderne requi\u00e8re des aptitudes et des solutions rapides et efficaces pour r\u00e9pondre \u00e0 certaines n\u00e9cessit\u00e9s avec des niveaux de prestations \u00e9lev\u00e9s et des r\u00e9sultats satisfaisants. Les <strong>constructions modulaires<\/strong> offre cette possibilit\u00e9 si au moment de la pratique elles sont r\u00e9alis\u00e9es avec coh\u00e9rence.<\/p>\n<p><strong>Le concept de logement modulaire <\/strong><\/p>\n<p>Une maison modulaire-pr\u00e9fabriqu\u00e9e est celle qui est \u00ab\u00a0<em>construite sous le toit de l\u2019usine\u00a0<\/em>\u00bb. Une fois la production termin\u00e9e, ce que nous pouvons appeler \u00ab\u00a0le conteneur\u00a0\u00bb est transport\u00e9 dans des v\u00e9hicules jusqu\u2019\u00e0 l\u2019endroit choisi o\u00f9 les pi\u00e8ces seront ensuite assembl\u00e9es et ainsi se fini le chantier. Nous devons vous rappeler que la maison modulaire n\u2019est pas une maison mobile, il s\u2019agit simplement d\u2019un logement construit hors de l\u2019emplacement et c\u2019est pour \u00e7a qu\u2019elle se diff\u00e9rentie d\u2019une maison traditionnelle.<\/p>\n<p><strong>Les avantages des maisons pr\u00e9fabriqu\u00e9es <\/strong><\/p>\n<p><strong>Les conditions<\/strong>. Plus de contr\u00f4le au niveau du climat, contr\u00f4le de la qualit\u00e9, l\u2019am\u00e9lioration de la supervision du travail, un acc\u00e8s plus facile aux outils et un nombre de livraisons de mat\u00e9riel plus bas font en sorte qu\u2019on ait un prix plus bas et une qualit\u00e9 architecturale de la construction.<\/p>\n<p><strong>Les impacts environnementaux<\/strong>. R\u00e9ductions du prix et du gaspillage de mat\u00e9riel, moins de pollution des eaux, la poussi\u00e8re et le bruit, et moins de gaspillage d\u2019\u00e9nergie en g\u00e9n\u00e9ral, bien que la pr\u00e9fabrication ait un co\u00fbt suppl\u00e9mentaire qui doit \u00eatre quantifi\u00e9 en fonction du transport jusqu\u2019\u00e0 l\u2019emplacement souhait\u00e9.<\/p>\n<p><strong>Temps r\u00e9duits<\/strong>. On peut r\u00e9aliser des changements sur la s\u00e9quence de construction, gagner du temps et am\u00e9liorer le flux de travail ce qui se traduit par une r\u00e9duction du co\u00fbt.<\/p>\n<p><strong>Moins de conflits<\/strong>. R\u00e9duction des conflits au travail avec des op\u00e9rateurs de construction et un travail plus programm\u00e9.<\/p>\n<p><strong>Am\u00e9lioration des mat\u00e9riaux<\/strong>. De la qualit\u00e9 des mat\u00e9riaux, que se soit au niveau de la pose et du contr\u00f4le, \u00e0 la r\u00e9duction de l\u2019espace de stockage et un nombre moins important de pertes.<\/p>\n<p><strong>La s\u00e9curit\u00e9<\/strong>. Augmentation de la s\u00e9curit\u00e9 des travailleurs gr\u00e2ce \u00e0 la r\u00e9duction de l\u2019exposition aux intemp\u00e9ries, aux temp\u00e9ratures extr\u00eames, et aux op\u00e9rations en cours ou dangereuses\u00a0; meilleures conditions de travail.<\/p>\n<p><strong>Inconv\u00e9nients des maisons pr\u00e9fabriqu\u00e9es<\/strong><\/p>\n<ul>\n<li>Un des <strong>inconv\u00e9nients<\/strong> le plus important est de devoir s\u2019adapter \u00e0 un <strong>dessin pr\u00e9\u00e9tabli<\/strong>. Nous ne pouvons pas toujours avoir la maison de nos r\u00eaves.<\/li>\n<li>Probl\u00e8mes avec l\u2019emplacement du logement. Il faut de nombreuses conditions pour pouvoir transporter de fa\u00e7on ad\u00e9quate les <strong>modules qui composent le logement<\/strong> sans consid\u00e9rer le versement pour le transport de ces derniers qui peut faire consid\u00e9rablement monter le prix d\u2019acquisition du bien.<\/li>\n<li>\u00c9tant donn\u00e9 que la l\u00e9gislation ne r\u00e9glemente pas de forme ad\u00e9quate ce type de b\u00e2timents, il peut y avoir des probl\u00e8mes de permis de construction ou de certificat d\u2019habitation vu que les logements sont souvent acquis hors du territoire espagnol, pr\u00e9fabriqu\u00e9s qui r\u00e9pondent \u00e0 d\u2019autres normes et l\u00e9gislation.<\/li>\n<li>L\u2019entretien. En fonction du mat\u00e9riel utilis\u00e9 pour le projet, un entretien rigoureux de la maison pr\u00e9fabriqu\u00e9e ou de ses diff\u00e9rents modules est n\u00e9cessaire.<\/li>\n<li>Il est n\u00e9cessaire d\u2019avoir un emplacement avec un prix qu\u2019il faudra ajouter \u00e0 celui du logement.<\/li>\n<li>En fonction des conditions m\u00e9t\u00e9orologiques du lieu de l\u2019emplacement, il faudra avoir une <strong>typologie de logements pr\u00e9fabriqu\u00e9s<\/strong>. On ne construit pas de la m\u00eame fa\u00e7on en M\u00e9diterran\u00e9e et en Finlande.<\/li>\n<li>L\u2019espace des maisons pr\u00e9fabriqu\u00e9es. Les dimensions des maisons pr\u00e9fabriqu\u00e9es sont normalement plus petites, elles sont standardis\u00e9es. Quand on veut des maisons plus grandes, le prix monte en fl\u00e8che.<\/li>\n<\/ul>\n<p><strong>Le dessin et la maison pr\u00e9fabriqu\u00e9e<\/strong><\/p>\n<p>Il faut souligner que les <strong>types de maisons pr\u00e9fabriqu\u00e9es<\/strong> que nous pouvons trouver dans le march\u00e9 ont eu une \u00e9tude exhaustive de leur comportement \u00e9nerg\u00e9tique et bioclimatique. Un avantage qui permet des \u00e9conomies importantes au niveau de la d\u00e9pense d\u2019\u00e9nergie. En nous basant sur un \u00ab\u00a0module\u00a0\u00bb standard, nous pouvons identifier son comportement comme montr\u00e9 sur l\u2019image ci-dessous\u00a0:<\/p>\n<p>De cette forme, on recommande de voir\u00a0le bio-climatisme sur le dessin :<\/p>\n<ul>\n<li>Dessin des fa\u00e7ades des maisons (Strat\u00e9gies de dessin bioclimatique)<\/li>\n<li>Architecture et forme (Comment le vent et le soleil peuvent affecter)<\/li>\n<li>Introduction d\u2019isolement (Cas pratique avec des outils en ligne)<\/li>\n<\/ul>\n<p><strong>Mod\u00e8les de maisons pr\u00e9fabriqu\u00e9es<\/strong><\/p>\n<p>De cette fa\u00e7on, <strong>l\u2019architecture modulaire<\/strong> permet une grande imagination puisque nous pouvons faire diff\u00e9rents <strong>mod\u00e8les de maisons<\/strong> et compositions pour essayer de s\u2019adapter au go\u00fbt des clients. Nous ne sommes plus sur des types de maisons standards \u00e0 deux\u00a0pentes, comme le montrent les <strong>exemples de dessin modulaire suivants<\/strong>\u00a0:<\/p>\n<p><img loading=\"lazy\" decoding=\"async\" class=\"alignnone size-thumbnail wp-image-10525\" src=\"https:\/\/www.europa-prefabri.com\/wp-content\/uploads\/\/tipologias-bloques-viviendas-80x80.jpg\" alt=\"tipologias-bloques-viviendas\" width=\"80\" height=\"80\" srcset=\"https:\/\/www.europa-prefabri.com\/wp-content\/uploads\/tipologias-bloques-viviendas-80x80.jpg 80w, https:\/\/www.europa-prefabri.com\/wp-content\/uploads\/tipologias-bloques-viviendas-36x36.jpg 36w, https:\/\/www.europa-prefabri.com\/wp-content\/uploads\/tipologias-bloques-viviendas-180x180.jpg 180w, https:\/\/www.europa-prefabri.com\/wp-content\/uploads\/tipologias-bloques-viviendas-120x120.jpg 120w, https:\/\/www.europa-prefabri.com\/wp-content\/uploads\/tipologias-bloques-viviendas-450x450.jpg 450w\" sizes=\"auto, (max-width: 80px) 100vw, 80px\" \/><\/p>\n<p>Indubitablement, le \u00ab\u00a0jeu modulaire\u00a0\u00bb peut cr\u00e9er une <strong>grande vari\u00e9t\u00e9 de plans de maisons pr\u00e9fabriqu\u00e9es<\/strong> bien qu\u2019en r\u00e9alit\u00e9 la simplicit\u00e9 soit moins co\u00fbteuse au moment d\u2019acheter un logement pr\u00e9fabriqu\u00e9.<\/p>\n<p><strong>Projet de maison pr\u00e9fabriqu\u00e9e tr\u00e8s \u00e9cologique<\/strong><\/p>\n<p>Dans ce cas, nous devons aller en Australie, \u00e0 l\u2019entreprise Archiblox engag\u00e9e dans la construction de <strong>maisons \u00e9cologiques modulaires<\/strong> qui g\u00e9n\u00e8rent plus d\u2019\u00e9nergie qu\u2019elles n\u2019en consomment, laur\u00e9ate de plusieurs prix.<\/p>\n<p>Au niveau du territoire espagnol, il n\u2019existe qu\u2019une <strong>industrie de maisons pr\u00e9fabriqu\u00e9es<\/strong> et habituellement les gens ont une id\u00e9e g\u00e9n\u00e9ralement tr\u00e8s vague de cette \u00ab\u00a0architecture moderne\u00a0\u00bb, en l\u2019associant plus \u00e0 des constructions temporaires et de basse qualit\u00e9. Avec ce panorama, l\u2019entreprise espagnole NOEM qui se focalise sur une affaire de <strong>maisons pr\u00e9fabriqu\u00e9es \u00e9cologiques<\/strong> avec z\u00e9ro \u00e9mission de carbone a beaucoup de m\u00e9rite en obtenant le Prix Europ\u00e9en de l\u2019Esprit d\u2019Entreprise.<\/p>\n<p><img loading=\"lazy\" decoding=\"async\" class=\"alignnone size-thumbnail wp-image-10529\" src=\"https:\/\/www.europa-prefabri.com\/wp-content\/uploads\/\/vivienda-prefabricada-espana-80x80.jpg\" alt=\"vivienda-prefabricada-espana\" width=\"80\" height=\"80\" srcset=\"https:\/\/www.europa-prefabri.com\/wp-content\/uploads\/vivienda-prefabricada-espana-80x80.jpg 80w, https:\/\/www.europa-prefabri.com\/wp-content\/uploads\/vivienda-prefabricada-espana-36x36.jpg 36w, https:\/\/www.europa-prefabri.com\/wp-content\/uploads\/vivienda-prefabricada-espana-180x180.jpg 180w, https:\/\/www.europa-prefabri.com\/wp-content\/uploads\/vivienda-prefabricada-espana-120x120.jpg 120w\" sizes=\"auto, (max-width: 80px) 100vw, 80px\" \/><\/p>\n<p><strong>L\u2019exemple de maison pr\u00e9fabriqu\u00e9e moderne <\/strong><\/p>\n<p>Les formes, la nouvelle technologie et les diff\u00e9rentes compositions des plans des maisons modulaires sont conforment \u00e0 une esth\u00e9tique modulaire. La <strong>maison moderne pr\u00e9fabriqu\u00e9e<\/strong> est l\u00e0 et vous avez ici un exemple de forte innovation. La maison invisible\u2026<\/p>\n<p><strong>Comment construire une maison pr\u00e9fabriqu\u00e9e<\/strong><\/p>\n<p>Ce que nous voulons dans ce paragraphe, c\u2019est vous fournir des <strong>manuels ou des guides en PDF pour vous montrer la construction d\u2019une maison pr\u00e9fabriqu\u00e9e pas \u00e0 pas<\/strong> et pour avoir une perspective et voir les travaux, les plans, les besoins, les outils, les mat\u00e9riaux, le b\u00e9ton, le bois\u2026 etc et les \u00e9tapes n\u00e9cessaires pour la construction des modules d\u2019une maison ainsi que des rapports g\u00e9n\u00e9riques des n\u00e9cessit\u00e9es et des objectifs de l\u2019architecture modulaire.<\/p>\n<p>Un probl\u00e8me qui existe concernant l\u2019information actuelle et les ressources sur internet, c\u2019est que la construction modulaire d\u00e9rive indubitablement du bois. Depuis l\u2019article Architecture en bois il y a d\u00e9j\u00e0 eu plus de 50 manuels pratiques et rapports qui rendent l\u2019information compl\u00e8te. En compl\u00e9ment voici donc quelques documents qui nous semblent int\u00e9ressants.<\/p>\n<ul>\n<li>Le concept et l\u2019histoire des maisons modulaires. Construction modulaire de logements et architecture ICI<\/li>\n<\/ul>\n<ul>\n<li>L\u2019\u00e9tat actuel du logement modulaire et l\u00e9ger d\u2019un point de vue environnemental ICI<\/li>\n<li>Tesis \u2013 Syst\u00e8mes de construction pr\u00e9fabriqu\u00e9s applicables \u00e0 la construction de b\u00e2timents ICI<\/li>\n<li>Constructions modulaires. Une r\u00e9ponse rapide, modulable et fiable ICI<\/li>\n<li>Guide de dessin de la construction pr\u00e9fabriqu\u00e9e ICI (Excellent manuel complet en Anglais)<\/li>\n<li>Tout se qu\u2019il faut savoir sur le bois en architecture et en construction de logements ICI<\/li>\n<li>L\u2019\u00e9conomie de la pr\u00e9fabrication et de la modulation en architecture ICI (Tr\u00e8s bon rapport \u00e9conomique &#8211; Anglais)<\/li>\n<\/ul>\n<\/div><\/section>\n","protected":false},"excerpt":{"rendered":"","protected":false},"author":4,"featured_media":0,"comment_status":"closed","ping_status":"closed","sticky":false,"template":"","format":"standard","meta":{"footnotes":""},"categories":[413,58],"tags":[],"class_list":["post-10120","post","type-post","status-publish","format-standard","hentry","category-noticias-fr","category-projets"],"yoast_head":"<!-- This site is optimized with the Yoast SEO plugin v27.5 - https:\/\/yoast.com\/product\/yoast-seo-wordpress\/ -->\n<title>Dessin et construction de logements pr\u00e9fabriqu\u00e9s - Un secteur en hausse<\/title>\n<meta name=\"description\" content=\"EUROPA PREFABRI : Les logements pr\u00e9fabriqu\u00e9s offrent une opportunit\u00e9 de cr\u00e9ation plus rapide, plus vari\u00e9e et moins co\u00fbteuse qu&#039;une maison traditionelle.\" \/>\n<meta name=\"robots\" content=\"index, follow, max-snippet:-1, max-image-preview:large, max-video-preview:-1\" \/>\n<link rel=\"canonical\" href=\"https:\/\/www.europa-prefabri.com\/fr\/logements-prefabriques-modulaires\/\" \/>\n<meta property=\"og:locale\" content=\"fr_FR\" \/>\n<meta property=\"og:type\" content=\"article\" \/>\n<meta property=\"og:title\" content=\"Dessin et construction de logements pr\u00e9fabriqu\u00e9s - Un secteur en hausse\" \/>\n<meta property=\"og:description\" content=\"EUROPA PREFABRI : Les logements pr\u00e9fabriqu\u00e9s offrent une opportunit\u00e9 de cr\u00e9ation plus rapide, plus vari\u00e9e et moins co\u00fbteuse qu&#039;une maison traditionelle.\" \/>\n<meta property=\"og:url\" content=\"https:\/\/www.europa-prefabri.com\/fr\/logements-prefabriques-modulaires\/\" \/>\n<meta property=\"og:site_name\" content=\"Europa Prefabri | Alquiler y venta de construcciones modulares\" \/>\n<meta property=\"article:publisher\" content=\"https:\/\/www.facebook.com\/Europa-Prefabri-258328977572213\/\" \/>\n<meta property=\"article:published_time\" content=\"2015-06-15T07:34:41+00:00\" \/>\n<meta property=\"article:modified_time\" content=\"2025-01-31T09:41:07+00:00\" \/>\n<meta property=\"og:image\" content=\"https:\/\/www.europa-prefabri.com\/wp-content\/uploads\/mercado-inmobiliario-vivienda-prefabricada.png\" \/>\n\t<meta property=\"og:image:width\" content=\"876\" \/>\n\t<meta property=\"og:image:height\" content=\"227\" \/>\n\t<meta property=\"og:image:type\" content=\"image\/png\" \/>\n<meta name=\"author\" content=\"admin\" \/>\n<meta name=\"twitter:card\" content=\"summary_large_image\" \/>\n<meta name=\"twitter:creator\" content=\"@EuropaPrefabri\" \/>\n<meta name=\"twitter:site\" content=\"@EuropaPrefabri\" \/>\n<meta name=\"twitter:label1\" content=\"Written by\" \/>\n\t<meta name=\"twitter:data1\" content=\"admin\" \/>\n\t<meta name=\"twitter:label2\" content=\"Est. reading time\" \/>\n\t<meta name=\"twitter:data2\" content=\"8 minutes\" \/>\n<script type=\"application\/ld+json\" class=\"yoast-schema-graph\">{\"@context\":\"https:\\\/\\\/schema.org\",\"@graph\":[{\"@type\":\"Article\",\"@id\":\"https:\\\/\\\/www.europa-prefabri.com\\\/fr\\\/logements-prefabriques-modulaires\\\/#article\",\"isPartOf\":{\"@id\":\"https:\\\/\\\/www.europa-prefabri.com\\\/fr\\\/logements-prefabriques-modulaires\\\/\"},\"author\":{\"name\":\"admin\",\"@id\":\"https:\\\/\\\/www.europa-prefabri.com\\\/#\\\/schema\\\/person\\\/2ab6be5821a7026cd8f16d2a9411e86e\"},\"headline\":\"LOGEMENTS PR\u00c9FABRIQU\u00c9S MODULAIRES\",\"datePublished\":\"2015-06-15T07:34:41+00:00\",\"dateModified\":\"2025-01-31T09:41:07+00:00\",\"mainEntityOfPage\":{\"@id\":\"https:\\\/\\\/www.europa-prefabri.com\\\/fr\\\/logements-prefabriques-modulaires\\\/\"},\"wordCount\":1844,\"publisher\":{\"@id\":\"https:\\\/\\\/www.europa-prefabri.com\\\/#organization\"},\"image\":{\"@id\":\"https:\\\/\\\/www.europa-prefabri.com\\\/fr\\\/logements-prefabriques-modulaires\\\/#primaryimage\"},\"thumbnailUrl\":\"https:\\\/\\\/www.europa-prefabri.com\\\/wp-content\\\/uploads\\\/\\\/mercado-inmobiliario-vivienda-prefabricada-80x80.png\",\"articleSection\":[\"Noticias\",\"Projets\"],\"inLanguage\":\"fr-FR\"},{\"@type\":\"WebPage\",\"@id\":\"https:\\\/\\\/www.europa-prefabri.com\\\/fr\\\/logements-prefabriques-modulaires\\\/\",\"url\":\"https:\\\/\\\/www.europa-prefabri.com\\\/fr\\\/logements-prefabriques-modulaires\\\/\",\"name\":\"Dessin et construction de logements pr\u00e9fabriqu\u00e9s - Un secteur en hausse\",\"isPartOf\":{\"@id\":\"https:\\\/\\\/www.europa-prefabri.com\\\/#website\"},\"primaryImageOfPage\":{\"@id\":\"https:\\\/\\\/www.europa-prefabri.com\\\/fr\\\/logements-prefabriques-modulaires\\\/#primaryimage\"},\"image\":{\"@id\":\"https:\\\/\\\/www.europa-prefabri.com\\\/fr\\\/logements-prefabriques-modulaires\\\/#primaryimage\"},\"thumbnailUrl\":\"https:\\\/\\\/www.europa-prefabri.com\\\/wp-content\\\/uploads\\\/\\\/mercado-inmobiliario-vivienda-prefabricada-80x80.png\",\"datePublished\":\"2015-06-15T07:34:41+00:00\",\"dateModified\":\"2025-01-31T09:41:07+00:00\",\"description\":\"EUROPA PREFABRI : Les logements pr\u00e9fabriqu\u00e9s offrent une opportunit\u00e9 de cr\u00e9ation plus rapide, plus vari\u00e9e et moins co\u00fbteuse qu'une maison traditionelle.\",\"breadcrumb\":{\"@id\":\"https:\\\/\\\/www.europa-prefabri.com\\\/fr\\\/logements-prefabriques-modulaires\\\/#breadcrumb\"},\"inLanguage\":\"fr-FR\",\"potentialAction\":[{\"@type\":\"ReadAction\",\"target\":[\"https:\\\/\\\/www.europa-prefabri.com\\\/fr\\\/logements-prefabriques-modulaires\\\/\"]}]},{\"@type\":\"ImageObject\",\"inLanguage\":\"fr-FR\",\"@id\":\"https:\\\/\\\/www.europa-prefabri.com\\\/fr\\\/logements-prefabriques-modulaires\\\/#primaryimage\",\"url\":\"https:\\\/\\\/www.europa-prefabri.com\\\/wp-content\\\/uploads\\\/\\\/mercado-inmobiliario-vivienda-prefabricada-80x80.png\",\"contentUrl\":\"https:\\\/\\\/www.europa-prefabri.com\\\/wp-content\\\/uploads\\\/\\\/mercado-inmobiliario-vivienda-prefabricada-80x80.png\"},{\"@type\":\"BreadcrumbList\",\"@id\":\"https:\\\/\\\/www.europa-prefabri.com\\\/fr\\\/logements-prefabriques-modulaires\\\/#breadcrumb\",\"itemListElement\":[{\"@type\":\"ListItem\",\"position\":1,\"name\":\"Portada\",\"item\":\"https:\\\/\\\/www.europa-prefabri.com\\\/fr\\\/\"},{\"@type\":\"ListItem\",\"position\":2,\"name\":\"LOGEMENTS PR\u00c9FABRIQU\u00c9S MODULAIRES\"}]},{\"@type\":\"WebSite\",\"@id\":\"https:\\\/\\\/www.europa-prefabri.com\\\/#website\",\"url\":\"https:\\\/\\\/www.europa-prefabri.com\\\/\",\"name\":\"Europa Prefabri | Alquiler y venta de construcciones modulares\",\"description\":\"Alquiler y venta de construcciones modulares, casetas de obra, marquesinas de aparcamiento y vallas y cerramientos.\",\"publisher\":{\"@id\":\"https:\\\/\\\/www.europa-prefabri.com\\\/#organization\"},\"potentialAction\":[{\"@type\":\"SearchAction\",\"target\":{\"@type\":\"EntryPoint\",\"urlTemplate\":\"https:\\\/\\\/www.europa-prefabri.com\\\/?s={search_term_string}\"},\"query-input\":{\"@type\":\"PropertyValueSpecification\",\"valueRequired\":true,\"valueName\":\"search_term_string\"}}],\"inLanguage\":\"fr-FR\"},{\"@type\":\"Organization\",\"@id\":\"https:\\\/\\\/www.europa-prefabri.com\\\/#organization\",\"name\":\"Prefabri S.L.\",\"url\":\"https:\\\/\\\/www.europa-prefabri.com\\\/\",\"logo\":{\"@type\":\"ImageObject\",\"inLanguage\":\"fr-FR\",\"@id\":\"https:\\\/\\\/www.europa-prefabri.com\\\/#\\\/schema\\\/logo\\\/image\\\/\",\"url\":\"https:\\\/\\\/www.europa-prefabri.com\\\/wp-content\\\/uploads\\\/EuropaPrefabri-Logo.jpg\",\"contentUrl\":\"https:\\\/\\\/www.europa-prefabri.com\\\/wp-content\\\/uploads\\\/EuropaPrefabri-Logo.jpg\",\"width\":752,\"height\":348,\"caption\":\"Prefabri S.L.\"},\"image\":{\"@id\":\"https:\\\/\\\/www.europa-prefabri.com\\\/#\\\/schema\\\/logo\\\/image\\\/\"},\"sameAs\":[\"https:\\\/\\\/www.facebook.com\\\/Europa-Prefabri-258328977572213\\\/\",\"https:\\\/\\\/x.com\\\/EuropaPrefabri\",\"https:\\\/\\\/www.instagram.com\\\/europaprefabri\\\/\",\"https:\\\/\\\/es.linkedin.com\\\/company\\\/europa-prefabri\",\"https:\\\/\\\/es.pinterest.com\\\/europaprefabri\\\/\",\"https:\\\/\\\/www.youtube.com\\\/user\\\/PrefabriSL\"]},{\"@type\":\"Person\",\"@id\":\"https:\\\/\\\/www.europa-prefabri.com\\\/#\\\/schema\\\/person\\\/2ab6be5821a7026cd8f16d2a9411e86e\",\"name\":\"admin\",\"image\":{\"@type\":\"ImageObject\",\"inLanguage\":\"fr-FR\",\"@id\":\"https:\\\/\\\/secure.gravatar.com\\\/avatar\\\/dc55d3f4b941a1510eef2620b2c166513788bd88ef72341333b6d0a859bacd3c?s=96&d=mm&r=g\",\"url\":\"https:\\\/\\\/secure.gravatar.com\\\/avatar\\\/dc55d3f4b941a1510eef2620b2c166513788bd88ef72341333b6d0a859bacd3c?s=96&d=mm&r=g\",\"contentUrl\":\"https:\\\/\\\/secure.gravatar.com\\\/avatar\\\/dc55d3f4b941a1510eef2620b2c166513788bd88ef72341333b6d0a859bacd3c?s=96&d=mm&r=g\",\"caption\":\"admin\"},\"sameAs\":[\"https:\\\/\\\/www.europa-prefabri.com\",\"https:\\\/\\\/x.com\\\/@EuropaPrefabri\"]}]}<\/script>\n<!-- \/ Yoast SEO plugin. -->","yoast_head_json":{"title":"Dessin et construction de logements pr\u00e9fabriqu\u00e9s - Un secteur en hausse","description":"EUROPA PREFABRI : Les logements pr\u00e9fabriqu\u00e9s offrent une opportunit\u00e9 de cr\u00e9ation plus rapide, plus vari\u00e9e et moins co\u00fbteuse qu'une maison traditionelle.","robots":{"index":"index","follow":"follow","max-snippet":"max-snippet:-1","max-image-preview":"max-image-preview:large","max-video-preview":"max-video-preview:-1"},"canonical":"https:\/\/www.europa-prefabri.com\/fr\/logements-prefabriques-modulaires\/","og_locale":"fr_FR","og_type":"article","og_title":"Dessin et construction de logements pr\u00e9fabriqu\u00e9s - Un secteur en hausse","og_description":"EUROPA PREFABRI : Les logements pr\u00e9fabriqu\u00e9s offrent une opportunit\u00e9 de cr\u00e9ation plus rapide, plus vari\u00e9e et moins co\u00fbteuse qu'une maison traditionelle.","og_url":"https:\/\/www.europa-prefabri.com\/fr\/logements-prefabriques-modulaires\/","og_site_name":"Europa Prefabri | Alquiler y venta de construcciones modulares","article_publisher":"https:\/\/www.facebook.com\/Europa-Prefabri-258328977572213\/","article_published_time":"2015-06-15T07:34:41+00:00","article_modified_time":"2025-01-31T09:41:07+00:00","og_image":[{"width":876,"height":227,"url":"https:\/\/www.europa-prefabri.com\/wp-content\/uploads\/mercado-inmobiliario-vivienda-prefabricada.png","type":"image\/png"}],"author":"admin","twitter_card":"summary_large_image","twitter_creator":"@EuropaPrefabri","twitter_site":"@EuropaPrefabri","twitter_misc":{"Written by":"admin","Est. reading time":"8 minutes"},"schema":{"@context":"https:\/\/schema.org","@graph":[{"@type":"Article","@id":"https:\/\/www.europa-prefabri.com\/fr\/logements-prefabriques-modulaires\/#article","isPartOf":{"@id":"https:\/\/www.europa-prefabri.com\/fr\/logements-prefabriques-modulaires\/"},"author":{"name":"admin","@id":"https:\/\/www.europa-prefabri.com\/#\/schema\/person\/2ab6be5821a7026cd8f16d2a9411e86e"},"headline":"LOGEMENTS PR\u00c9FABRIQU\u00c9S MODULAIRES","datePublished":"2015-06-15T07:34:41+00:00","dateModified":"2025-01-31T09:41:07+00:00","mainEntityOfPage":{"@id":"https:\/\/www.europa-prefabri.com\/fr\/logements-prefabriques-modulaires\/"},"wordCount":1844,"publisher":{"@id":"https:\/\/www.europa-prefabri.com\/#organization"},"image":{"@id":"https:\/\/www.europa-prefabri.com\/fr\/logements-prefabriques-modulaires\/#primaryimage"},"thumbnailUrl":"https:\/\/www.europa-prefabri.com\/wp-content\/uploads\/\/mercado-inmobiliario-vivienda-prefabricada-80x80.png","articleSection":["Noticias","Projets"],"inLanguage":"fr-FR"},{"@type":"WebPage","@id":"https:\/\/www.europa-prefabri.com\/fr\/logements-prefabriques-modulaires\/","url":"https:\/\/www.europa-prefabri.com\/fr\/logements-prefabriques-modulaires\/","name":"Dessin et construction de logements pr\u00e9fabriqu\u00e9s - Un secteur en hausse","isPartOf":{"@id":"https:\/\/www.europa-prefabri.com\/#website"},"primaryImageOfPage":{"@id":"https:\/\/www.europa-prefabri.com\/fr\/logements-prefabriques-modulaires\/#primaryimage"},"image":{"@id":"https:\/\/www.europa-prefabri.com\/fr\/logements-prefabriques-modulaires\/#primaryimage"},"thumbnailUrl":"https:\/\/www.europa-prefabri.com\/wp-content\/uploads\/\/mercado-inmobiliario-vivienda-prefabricada-80x80.png","datePublished":"2015-06-15T07:34:41+00:00","dateModified":"2025-01-31T09:41:07+00:00","description":"EUROPA PREFABRI : Les logements pr\u00e9fabriqu\u00e9s offrent une opportunit\u00e9 de cr\u00e9ation plus rapide, plus vari\u00e9e et moins co\u00fbteuse qu'une maison traditionelle.","breadcrumb":{"@id":"https:\/\/www.europa-prefabri.com\/fr\/logements-prefabriques-modulaires\/#breadcrumb"},"inLanguage":"fr-FR","potentialAction":[{"@type":"ReadAction","target":["https:\/\/www.europa-prefabri.com\/fr\/logements-prefabriques-modulaires\/"]}]},{"@type":"ImageObject","inLanguage":"fr-FR","@id":"https:\/\/www.europa-prefabri.com\/fr\/logements-prefabriques-modulaires\/#primaryimage","url":"https:\/\/www.europa-prefabri.com\/wp-content\/uploads\/\/mercado-inmobiliario-vivienda-prefabricada-80x80.png","contentUrl":"https:\/\/www.europa-prefabri.com\/wp-content\/uploads\/\/mercado-inmobiliario-vivienda-prefabricada-80x80.png"},{"@type":"BreadcrumbList","@id":"https:\/\/www.europa-prefabri.com\/fr\/logements-prefabriques-modulaires\/#breadcrumb","itemListElement":[{"@type":"ListItem","position":1,"name":"Portada","item":"https:\/\/www.europa-prefabri.com\/fr\/"},{"@type":"ListItem","position":2,"name":"LOGEMENTS PR\u00c9FABRIQU\u00c9S MODULAIRES"}]},{"@type":"WebSite","@id":"https:\/\/www.europa-prefabri.com\/#website","url":"https:\/\/www.europa-prefabri.com\/","name":"Europa Prefabri | Alquiler y venta de construcciones modulares","description":"Alquiler y venta de construcciones modulares, casetas de obra, marquesinas de aparcamiento y vallas y cerramientos.","publisher":{"@id":"https:\/\/www.europa-prefabri.com\/#organization"},"potentialAction":[{"@type":"SearchAction","target":{"@type":"EntryPoint","urlTemplate":"https:\/\/www.europa-prefabri.com\/?s={search_term_string}"},"query-input":{"@type":"PropertyValueSpecification","valueRequired":true,"valueName":"search_term_string"}}],"inLanguage":"fr-FR"},{"@type":"Organization","@id":"https:\/\/www.europa-prefabri.com\/#organization","name":"Prefabri S.L.","url":"https:\/\/www.europa-prefabri.com\/","logo":{"@type":"ImageObject","inLanguage":"fr-FR","@id":"https:\/\/www.europa-prefabri.com\/#\/schema\/logo\/image\/","url":"https:\/\/www.europa-prefabri.com\/wp-content\/uploads\/EuropaPrefabri-Logo.jpg","contentUrl":"https:\/\/www.europa-prefabri.com\/wp-content\/uploads\/EuropaPrefabri-Logo.jpg","width":752,"height":348,"caption":"Prefabri S.L."},"image":{"@id":"https:\/\/www.europa-prefabri.com\/#\/schema\/logo\/image\/"},"sameAs":["https:\/\/www.facebook.com\/Europa-Prefabri-258328977572213\/","https:\/\/x.com\/EuropaPrefabri","https:\/\/www.instagram.com\/europaprefabri\/","https:\/\/es.linkedin.com\/company\/europa-prefabri","https:\/\/es.pinterest.com\/europaprefabri\/","https:\/\/www.youtube.com\/user\/PrefabriSL"]},{"@type":"Person","@id":"https:\/\/www.europa-prefabri.com\/#\/schema\/person\/2ab6be5821a7026cd8f16d2a9411e86e","name":"admin","image":{"@type":"ImageObject","inLanguage":"fr-FR","@id":"https:\/\/secure.gravatar.com\/avatar\/dc55d3f4b941a1510eef2620b2c166513788bd88ef72341333b6d0a859bacd3c?s=96&d=mm&r=g","url":"https:\/\/secure.gravatar.com\/avatar\/dc55d3f4b941a1510eef2620b2c166513788bd88ef72341333b6d0a859bacd3c?s=96&d=mm&r=g","contentUrl":"https:\/\/secure.gravatar.com\/avatar\/dc55d3f4b941a1510eef2620b2c166513788bd88ef72341333b6d0a859bacd3c?s=96&d=mm&r=g","caption":"admin"},"sameAs":["https:\/\/www.europa-prefabri.com","https:\/\/x.com\/@EuropaPrefabri"]}]}},"_links":{"self":[{"href":"https:\/\/www.europa-prefabri.com\/fr\/wp-json\/wp\/v2\/posts\/10120","targetHints":{"allow":["GET"]}}],"collection":[{"href":"https:\/\/www.europa-prefabri.com\/fr\/wp-json\/wp\/v2\/posts"}],"about":[{"href":"https:\/\/www.europa-prefabri.com\/fr\/wp-json\/wp\/v2\/types\/post"}],"author":[{"embeddable":true,"href":"https:\/\/www.europa-prefabri.com\/fr\/wp-json\/wp\/v2\/users\/4"}],"replies":[{"embeddable":true,"href":"https:\/\/www.europa-prefabri.com\/fr\/wp-json\/wp\/v2\/comments?post=10120"}],"version-history":[{"count":3,"href":"https:\/\/www.europa-prefabri.com\/fr\/wp-json\/wp\/v2\/posts\/10120\/revisions"}],"predecessor-version":[{"id":35642,"href":"https:\/\/www.europa-prefabri.com\/fr\/wp-json\/wp\/v2\/posts\/10120\/revisions\/35642"}],"wp:attachment":[{"href":"https:\/\/www.europa-prefabri.com\/fr\/wp-json\/wp\/v2\/media?parent=10120"}],"wp:term":[{"taxonomy":"category","embeddable":true,"href":"https:\/\/www.europa-prefabri.com\/fr\/wp-json\/wp\/v2\/categories?post=10120"},{"taxonomy":"post_tag","embeddable":true,"href":"https:\/\/www.europa-prefabri.com\/fr\/wp-json\/wp\/v2\/tags?post=10120"}],"curies":[{"name":"wp","href":"https:\/\/api.w.org\/{rel}","templated":true}]}}