{"id":9342,"date":"2015-12-29T15:32:57","date_gmt":"2015-12-29T15:32:57","guid":{"rendered":"http:\/\/www.europa-prefabri.com\/?p=9342"},"modified":"2016-01-19T09:20:25","modified_gmt":"2016-01-19T09:20:25","slug":"parking-bosch-madrid","status":"publish","type":"post","link":"https:\/\/www.europa-prefabri.com\/en\/parking-bosch-madrid\/","title":{"rendered":"PARKING BOSCH MADRID"},"content":{"rendered":"<p>EUROPA PREFABRI a trav\u00e9s de la empresa del grupo ESTRUCTURAS TUBULARES EUROPA SL continua siendo el principal fabricante de marquesinas metalicas para aparcamiento de vehiculos en Espa\u00f1a. En este caso presentamos unas fotos de un montaje de 56 plazas de aparcamiento reci\u00e9n terminado en la f\u00e1brica de la empresa Bosch en Madrid.<\/p>\n<p><a href=\"http:\/\/www.europa-prefabri.com\/wp-content\/uploads\/IMG-20151216-WA0005-Copy.jpg\"><img loading=\"lazy\" decoding=\"async\" class=\"alignnone size-thumbnail wp-image-9328\" src=\"http:\/\/www.europa-prefabri.com\/wp-content\/uploads\/IMG-20151216-WA0005-Copy.jpg\" alt=\"Cubiertas metalicas para vechiculos en Madrid\" width=\"80\" height=\"80\" srcset=\"https:\/\/www.europa-prefabri.com\/wp-content\/uploads\/IMG-20151216-WA0005-Copy-80x80.jpg 80w, https:\/\/www.europa-prefabri.com\/wp-content\/uploads\/IMG-20151216-WA0005-Copy-36x36.jpg 36w, https:\/\/www.europa-prefabri.com\/wp-content\/uploads\/IMG-20151216-WA0005-Copy-180x180.jpg 180w, https:\/\/www.europa-prefabri.com\/wp-content\/uploads\/IMG-20151216-WA0005-Copy-120x120.jpg 120w, https:\/\/www.europa-prefabri.com\/wp-content\/uploads\/IMG-20151216-WA0005-Copy-450x450.jpg 450w\" sizes=\"auto, (max-width: 80px) 100vw, 80px\" \/><\/a> <a href=\"http:\/\/www.europa-prefabri.com\/wp-content\/uploads\/IMG-20151216-WA0006-Copy.jpg\"><img loading=\"lazy\" decoding=\"async\" class=\"alignnone size-thumbnail wp-image-9331\" src=\"http:\/\/www.europa-prefabri.com\/wp-content\/uploads\/IMG-20151216-WA0006-Copy.jpg\" alt=\"Cubiertas metalicas para vechiculos en Madrid\" width=\"80\" height=\"80\" \/><\/a> <a href=\"http:\/\/www.europa-prefabri.com\/wp-content\/uploads\/IMG-20151216-WA0007-Copy.jpg\"><img loading=\"lazy\" decoding=\"async\" class=\"alignnone size-thumbnail wp-image-9334\" src=\"http:\/\/www.europa-prefabri.com\/wp-content\/uploads\/IMG-20151216-WA0007-Copy.jpg\" alt=\"Cubiertas metalicas para vechiculos en Madrid\" width=\"80\" height=\"80\" srcset=\"https:\/\/www.europa-prefabri.com\/wp-content\/uploads\/IMG-20151216-WA0007-Copy-80x80.jpg 80w, https:\/\/www.europa-prefabri.com\/wp-content\/uploads\/IMG-20151216-WA0007-Copy-36x36.jpg 36w, https:\/\/www.europa-prefabri.com\/wp-content\/uploads\/IMG-20151216-WA0007-Copy-180x180.jpg 180w, https:\/\/www.europa-prefabri.com\/wp-content\/uploads\/IMG-20151216-WA0007-Copy-120x120.jpg 120w, https:\/\/www.europa-prefabri.com\/wp-content\/uploads\/IMG-20151216-WA0007-Copy-450x450.jpg 450w\" sizes=\"auto, (max-width: 80px) 100vw, 80px\" \/><\/a> <a href=\"http:\/\/www.europa-prefabri.com\/wp-content\/uploads\/IMG-20151216-WA0008-Copy.jpg\"><img loading=\"lazy\" decoding=\"async\" class=\"alignnone size-thumbnail wp-image-9337\" src=\"http:\/\/www.europa-prefabri.com\/wp-content\/uploads\/IMG-20151216-WA0008-Copy.jpg\" alt=\"Cubiertas metalicas para vechiculos en Madrid\" width=\"80\" height=\"80\" srcset=\"https:\/\/www.europa-prefabri.com\/wp-content\/uploads\/IMG-20151216-WA0008-Copy-80x80.jpg 80w, https:\/\/www.europa-prefabri.com\/wp-content\/uploads\/IMG-20151216-WA0008-Copy-36x36.jpg 36w, https:\/\/www.europa-prefabri.com\/wp-content\/uploads\/IMG-20151216-WA0008-Copy-180x180.jpg 180w, https:\/\/www.europa-prefabri.com\/wp-content\/uploads\/IMG-20151216-WA0008-Copy-120x120.jpg 120w, https:\/\/www.europa-prefabri.com\/wp-content\/uploads\/IMG-20151216-WA0008-Copy-450x450.jpg 450w\" sizes=\"auto, (max-width: 80px) 100vw, 80px\" \/><\/a><\/p>\n","protected":false},"excerpt":{"rendered":"<p>EUROPA PREFABRI a trav\u00e9s de la empresa del grupo ESTRUCTURAS TUBULARES EUROPA SL continua siendo el principal fabricante de marquesinas metalicas para aparcamiento de vehiculos en Espa\u00f1a. En este caso presentamos unas fotos de un montaje de 56 plazas de aparcamiento reci\u00e9n terminado en la f\u00e1brica de la empresa Bosch en Madrid.<\/p>\n","protected":false},"author":4,"featured_media":9332,"comment_status":"closed","ping_status":"closed","sticky":false,"template":"","format":"gallery","meta":{"footnotes":""},"categories":[411,170],"tags":[463],"class_list":["post-9342","post","type-post","status-publish","format-gallery","has-post-thumbnail","hentry","category-noticias-en","category-projects","tag-cubiertas-aparcamiento-en","post_format-post-format-gallery"],"yoast_head":"<!-- This site is optimized with the Yoast SEO plugin v27.5 - https:\/\/yoast.com\/product\/yoast-seo-wordpress\/ -->\n<title>EUROPA PREFABRI assembly of car parking canopies<\/title>\n<meta name=\"description\" content=\"Europa Prefabri is specialized in design, manufacture and installation of prefabricated modular buildings for many uses.\" \/>\n<meta name=\"robots\" content=\"index, follow, max-snippet:-1, max-image-preview:large, max-video-preview:-1\" \/>\n<link rel=\"canonical\" href=\"https:\/\/www.europa-prefabri.com\/en\/parking-bosch-madrid\/\" \/>\n<meta property=\"og:locale\" content=\"en_US\" \/>\n<meta property=\"og:type\" content=\"article\" \/>\n<meta property=\"og:title\" content=\"EUROPA PREFABRI assembly of car parking canopies\" \/>\n<meta property=\"og:description\" content=\"Europa Prefabri is specialized in design, manufacture and installation of prefabricated modular buildings for many uses.\" \/>\n<meta property=\"og:url\" content=\"https:\/\/www.europa-prefabri.com\/en\/parking-bosch-madrid\/\" \/>\n<meta property=\"og:site_name\" content=\"Europa Prefabri | Alquiler y venta de construcciones modulares\" \/>\n<meta property=\"article:publisher\" content=\"https:\/\/www.facebook.com\/Europa-Prefabri-258328977572213\/\" \/>\n<meta property=\"article:published_time\" content=\"2015-12-29T15:32:57+00:00\" \/>\n<meta property=\"article:modified_time\" content=\"2016-01-19T09:20:25+00:00\" \/>\n<meta property=\"og:image\" content=\"https:\/\/www.europa-prefabri.com\/wp-content\/uploads\/IMG-20151216-WA0006-Copy.jpg\" \/>\n\t<meta property=\"og:image:width\" content=\"800\" \/>\n\t<meta property=\"og:image:height\" content=\"480\" \/>\n\t<meta property=\"og:image:type\" content=\"image\/jpeg\" \/>\n<meta name=\"author\" content=\"admin\" \/>\n<meta name=\"twitter:card\" content=\"summary_large_image\" \/>\n<meta name=\"twitter:creator\" content=\"@EuropaPrefabri\" \/>\n<meta name=\"twitter:site\" content=\"@EuropaPrefabri\" \/>\n<meta name=\"twitter:label1\" content=\"Written by\" \/>\n\t<meta name=\"twitter:data1\" content=\"admin\" \/>\n<script type=\"application\/ld+json\" class=\"yoast-schema-graph\">{\"@context\":\"https:\\\/\\\/schema.org\",\"@graph\":[{\"@type\":\"Article\",\"@id\":\"https:\\\/\\\/www.europa-prefabri.com\\\/en\\\/parking-bosch-madrid\\\/#article\",\"isPartOf\":{\"@id\":\"https:\\\/\\\/www.europa-prefabri.com\\\/en\\\/parking-bosch-madrid\\\/\"},\"author\":{\"name\":\"admin\",\"@id\":\"https:\\\/\\\/www.europa-prefabri.com\\\/#\\\/schema\\\/person\\\/2ab6be5821a7026cd8f16d2a9411e86e\"},\"headline\":\"PARKING BOSCH MADRID\",\"datePublished\":\"2015-12-29T15:32:57+00:00\",\"dateModified\":\"2016-01-19T09:20:25+00:00\",\"mainEntityOfPage\":{\"@id\":\"https:\\\/\\\/www.europa-prefabri.com\\\/en\\\/parking-bosch-madrid\\\/\"},\"wordCount\":58,\"publisher\":{\"@id\":\"https:\\\/\\\/www.europa-prefabri.com\\\/#organization\"},\"image\":{\"@id\":\"https:\\\/\\\/www.europa-prefabri.com\\\/en\\\/parking-bosch-madrid\\\/#primaryimage\"},\"thumbnailUrl\":\"https:\\\/\\\/www.europa-prefabri.com\\\/wp-content\\\/uploads\\\/IMG-20151216-WA0006-Copy.jpg\",\"keywords\":[\"CUBIERTAS APARCAMIENTO\"],\"articleSection\":[\"Noticias\",\"Projects\"],\"inLanguage\":\"en-US\"},{\"@type\":\"WebPage\",\"@id\":\"https:\\\/\\\/www.europa-prefabri.com\\\/en\\\/parking-bosch-madrid\\\/\",\"url\":\"https:\\\/\\\/www.europa-prefabri.com\\\/en\\\/parking-bosch-madrid\\\/\",\"name\":\"EUROPA PREFABRI assembly of car parking canopies\",\"isPartOf\":{\"@id\":\"https:\\\/\\\/www.europa-prefabri.com\\\/#website\"},\"primaryImageOfPage\":{\"@id\":\"https:\\\/\\\/www.europa-prefabri.com\\\/en\\\/parking-bosch-madrid\\\/#primaryimage\"},\"image\":{\"@id\":\"https:\\\/\\\/www.europa-prefabri.com\\\/en\\\/parking-bosch-madrid\\\/#primaryimage\"},\"thumbnailUrl\":\"https:\\\/\\\/www.europa-prefabri.com\\\/wp-content\\\/uploads\\\/IMG-20151216-WA0006-Copy.jpg\",\"datePublished\":\"2015-12-29T15:32:57+00:00\",\"dateModified\":\"2016-01-19T09:20:25+00:00\",\"description\":\"Europa Prefabri is specialized in design, manufacture and installation of prefabricated modular buildings for many uses.\",\"breadcrumb\":{\"@id\":\"https:\\\/\\\/www.europa-prefabri.com\\\/en\\\/parking-bosch-madrid\\\/#breadcrumb\"},\"inLanguage\":\"en-US\",\"potentialAction\":[{\"@type\":\"ReadAction\",\"target\":[\"https:\\\/\\\/www.europa-prefabri.com\\\/en\\\/parking-bosch-madrid\\\/\"]}]},{\"@type\":\"ImageObject\",\"inLanguage\":\"en-US\",\"@id\":\"https:\\\/\\\/www.europa-prefabri.com\\\/en\\\/parking-bosch-madrid\\\/#primaryimage\",\"url\":\"https:\\\/\\\/www.europa-prefabri.com\\\/wp-content\\\/uploads\\\/IMG-20151216-WA0006-Copy.jpg\",\"contentUrl\":\"https:\\\/\\\/www.europa-prefabri.com\\\/wp-content\\\/uploads\\\/IMG-20151216-WA0006-Copy.jpg\",\"width\":800,\"height\":480},{\"@type\":\"BreadcrumbList\",\"@id\":\"https:\\\/\\\/www.europa-prefabri.com\\\/en\\\/parking-bosch-madrid\\\/#breadcrumb\",\"itemListElement\":[{\"@type\":\"ListItem\",\"position\":1,\"name\":\"Portada\",\"item\":\"https:\\\/\\\/www.europa-prefabri.com\\\/\"},{\"@type\":\"ListItem\",\"position\":2,\"name\":\"PARKING BOSCH MADRID\"}]},{\"@type\":\"WebSite\",\"@id\":\"https:\\\/\\\/www.europa-prefabri.com\\\/#website\",\"url\":\"https:\\\/\\\/www.europa-prefabri.com\\\/\",\"name\":\"Europa Prefabri | Alquiler y venta de construcciones modulares\",\"description\":\"Alquiler y venta de construcciones modulares, casetas de obra, marquesinas de aparcamiento y vallas y cerramientos.\",\"publisher\":{\"@id\":\"https:\\\/\\\/www.europa-prefabri.com\\\/#organization\"},\"potentialAction\":[{\"@type\":\"SearchAction\",\"target\":{\"@type\":\"EntryPoint\",\"urlTemplate\":\"https:\\\/\\\/www.europa-prefabri.com\\\/?s={search_term_string}\"},\"query-input\":{\"@type\":\"PropertyValueSpecification\",\"valueRequired\":true,\"valueName\":\"search_term_string\"}}],\"inLanguage\":\"en-US\"},{\"@type\":\"Organization\",\"@id\":\"https:\\\/\\\/www.europa-prefabri.com\\\/#organization\",\"name\":\"Prefabri S.L.\",\"url\":\"https:\\\/\\\/www.europa-prefabri.com\\\/\",\"logo\":{\"@type\":\"ImageObject\",\"inLanguage\":\"en-US\",\"@id\":\"https:\\\/\\\/www.europa-prefabri.com\\\/#\\\/schema\\\/logo\\\/image\\\/\",\"url\":\"https:\\\/\\\/www.europa-prefabri.com\\\/wp-content\\\/uploads\\\/EuropaPrefabri-Logo.jpg\",\"contentUrl\":\"https:\\\/\\\/www.europa-prefabri.com\\\/wp-content\\\/uploads\\\/EuropaPrefabri-Logo.jpg\",\"width\":752,\"height\":348,\"caption\":\"Prefabri S.L.\"},\"image\":{\"@id\":\"https:\\\/\\\/www.europa-prefabri.com\\\/#\\\/schema\\\/logo\\\/image\\\/\"},\"sameAs\":[\"https:\\\/\\\/www.facebook.com\\\/Europa-Prefabri-258328977572213\\\/\",\"https:\\\/\\\/x.com\\\/EuropaPrefabri\",\"https:\\\/\\\/www.instagram.com\\\/europaprefabri\\\/\",\"https:\\\/\\\/es.linkedin.com\\\/company\\\/europa-prefabri\",\"https:\\\/\\\/es.pinterest.com\\\/europaprefabri\\\/\",\"https:\\\/\\\/www.youtube.com\\\/user\\\/PrefabriSL\"]},{\"@type\":\"Person\",\"@id\":\"https:\\\/\\\/www.europa-prefabri.com\\\/#\\\/schema\\\/person\\\/2ab6be5821a7026cd8f16d2a9411e86e\",\"name\":\"admin\",\"image\":{\"@type\":\"ImageObject\",\"inLanguage\":\"en-US\",\"@id\":\"https:\\\/\\\/secure.gravatar.com\\\/avatar\\\/dc55d3f4b941a1510eef2620b2c166513788bd88ef72341333b6d0a859bacd3c?s=96&d=mm&r=g\",\"url\":\"https:\\\/\\\/secure.gravatar.com\\\/avatar\\\/dc55d3f4b941a1510eef2620b2c166513788bd88ef72341333b6d0a859bacd3c?s=96&d=mm&r=g\",\"contentUrl\":\"https:\\\/\\\/secure.gravatar.com\\\/avatar\\\/dc55d3f4b941a1510eef2620b2c166513788bd88ef72341333b6d0a859bacd3c?s=96&d=mm&r=g\",\"caption\":\"admin\"},\"sameAs\":[\"https:\\\/\\\/www.europa-prefabri.com\",\"https:\\\/\\\/x.com\\\/@EuropaPrefabri\"]}]}<\/script>\n<!-- \/ Yoast SEO plugin. -->","yoast_head_json":{"title":"EUROPA PREFABRI assembly of car parking canopies","description":"Europa Prefabri is specialized in design, manufacture and installation of prefabricated modular buildings for many uses.","robots":{"index":"index","follow":"follow","max-snippet":"max-snippet:-1","max-image-preview":"max-image-preview:large","max-video-preview":"max-video-preview:-1"},"canonical":"https:\/\/www.europa-prefabri.com\/en\/parking-bosch-madrid\/","og_locale":"en_US","og_type":"article","og_title":"EUROPA PREFABRI assembly of car parking canopies","og_description":"Europa Prefabri is specialized in design, manufacture and installation of prefabricated modular buildings for many uses.","og_url":"https:\/\/www.europa-prefabri.com\/en\/parking-bosch-madrid\/","og_site_name":"Europa Prefabri | Alquiler y venta de construcciones modulares","article_publisher":"https:\/\/www.facebook.com\/Europa-Prefabri-258328977572213\/","article_published_time":"2015-12-29T15:32:57+00:00","article_modified_time":"2016-01-19T09:20:25+00:00","og_image":[{"width":800,"height":480,"url":"https:\/\/www.europa-prefabri.com\/wp-content\/uploads\/IMG-20151216-WA0006-Copy.jpg","type":"image\/jpeg"}],"author":"admin","twitter_card":"summary_large_image","twitter_creator":"@EuropaPrefabri","twitter_site":"@EuropaPrefabri","twitter_misc":{"Written by":"admin"},"schema":{"@context":"https:\/\/schema.org","@graph":[{"@type":"Article","@id":"https:\/\/www.europa-prefabri.com\/en\/parking-bosch-madrid\/#article","isPartOf":{"@id":"https:\/\/www.europa-prefabri.com\/en\/parking-bosch-madrid\/"},"author":{"name":"admin","@id":"https:\/\/www.europa-prefabri.com\/#\/schema\/person\/2ab6be5821a7026cd8f16d2a9411e86e"},"headline":"PARKING BOSCH MADRID","datePublished":"2015-12-29T15:32:57+00:00","dateModified":"2016-01-19T09:20:25+00:00","mainEntityOfPage":{"@id":"https:\/\/www.europa-prefabri.com\/en\/parking-bosch-madrid\/"},"wordCount":58,"publisher":{"@id":"https:\/\/www.europa-prefabri.com\/#organization"},"image":{"@id":"https:\/\/www.europa-prefabri.com\/en\/parking-bosch-madrid\/#primaryimage"},"thumbnailUrl":"https:\/\/www.europa-prefabri.com\/wp-content\/uploads\/IMG-20151216-WA0006-Copy.jpg","keywords":["CUBIERTAS APARCAMIENTO"],"articleSection":["Noticias","Projects"],"inLanguage":"en-US"},{"@type":"WebPage","@id":"https:\/\/www.europa-prefabri.com\/en\/parking-bosch-madrid\/","url":"https:\/\/www.europa-prefabri.com\/en\/parking-bosch-madrid\/","name":"EUROPA PREFABRI assembly of car parking canopies","isPartOf":{"@id":"https:\/\/www.europa-prefabri.com\/#website"},"primaryImageOfPage":{"@id":"https:\/\/www.europa-prefabri.com\/en\/parking-bosch-madrid\/#primaryimage"},"image":{"@id":"https:\/\/www.europa-prefabri.com\/en\/parking-bosch-madrid\/#primaryimage"},"thumbnailUrl":"https:\/\/www.europa-prefabri.com\/wp-content\/uploads\/IMG-20151216-WA0006-Copy.jpg","datePublished":"2015-12-29T15:32:57+00:00","dateModified":"2016-01-19T09:20:25+00:00","description":"Europa Prefabri is specialized in design, manufacture and installation of prefabricated modular buildings for many uses.","breadcrumb":{"@id":"https:\/\/www.europa-prefabri.com\/en\/parking-bosch-madrid\/#breadcrumb"},"inLanguage":"en-US","potentialAction":[{"@type":"ReadAction","target":["https:\/\/www.europa-prefabri.com\/en\/parking-bosch-madrid\/"]}]},{"@type":"ImageObject","inLanguage":"en-US","@id":"https:\/\/www.europa-prefabri.com\/en\/parking-bosch-madrid\/#primaryimage","url":"https:\/\/www.europa-prefabri.com\/wp-content\/uploads\/IMG-20151216-WA0006-Copy.jpg","contentUrl":"https:\/\/www.europa-prefabri.com\/wp-content\/uploads\/IMG-20151216-WA0006-Copy.jpg","width":800,"height":480},{"@type":"BreadcrumbList","@id":"https:\/\/www.europa-prefabri.com\/en\/parking-bosch-madrid\/#breadcrumb","itemListElement":[{"@type":"ListItem","position":1,"name":"Portada","item":"https:\/\/www.europa-prefabri.com\/"},{"@type":"ListItem","position":2,"name":"PARKING BOSCH MADRID"}]},{"@type":"WebSite","@id":"https:\/\/www.europa-prefabri.com\/#website","url":"https:\/\/www.europa-prefabri.com\/","name":"Europa Prefabri | Alquiler y venta de construcciones modulares","description":"Alquiler y venta de construcciones modulares, casetas de obra, marquesinas de aparcamiento y vallas y cerramientos.","publisher":{"@id":"https:\/\/www.europa-prefabri.com\/#organization"},"potentialAction":[{"@type":"SearchAction","target":{"@type":"EntryPoint","urlTemplate":"https:\/\/www.europa-prefabri.com\/?s={search_term_string}"},"query-input":{"@type":"PropertyValueSpecification","valueRequired":true,"valueName":"search_term_string"}}],"inLanguage":"en-US"},{"@type":"Organization","@id":"https:\/\/www.europa-prefabri.com\/#organization","name":"Prefabri S.L.","url":"https:\/\/www.europa-prefabri.com\/","logo":{"@type":"ImageObject","inLanguage":"en-US","@id":"https:\/\/www.europa-prefabri.com\/#\/schema\/logo\/image\/","url":"https:\/\/www.europa-prefabri.com\/wp-content\/uploads\/EuropaPrefabri-Logo.jpg","contentUrl":"https:\/\/www.europa-prefabri.com\/wp-content\/uploads\/EuropaPrefabri-Logo.jpg","width":752,"height":348,"caption":"Prefabri S.L."},"image":{"@id":"https:\/\/www.europa-prefabri.com\/#\/schema\/logo\/image\/"},"sameAs":["https:\/\/www.facebook.com\/Europa-Prefabri-258328977572213\/","https:\/\/x.com\/EuropaPrefabri","https:\/\/www.instagram.com\/europaprefabri\/","https:\/\/es.linkedin.com\/company\/europa-prefabri","https:\/\/es.pinterest.com\/europaprefabri\/","https:\/\/www.youtube.com\/user\/PrefabriSL"]},{"@type":"Person","@id":"https:\/\/www.europa-prefabri.com\/#\/schema\/person\/2ab6be5821a7026cd8f16d2a9411e86e","name":"admin","image":{"@type":"ImageObject","inLanguage":"en-US","@id":"https:\/\/secure.gravatar.com\/avatar\/dc55d3f4b941a1510eef2620b2c166513788bd88ef72341333b6d0a859bacd3c?s=96&d=mm&r=g","url":"https:\/\/secure.gravatar.com\/avatar\/dc55d3f4b941a1510eef2620b2c166513788bd88ef72341333b6d0a859bacd3c?s=96&d=mm&r=g","contentUrl":"https:\/\/secure.gravatar.com\/avatar\/dc55d3f4b941a1510eef2620b2c166513788bd88ef72341333b6d0a859bacd3c?s=96&d=mm&r=g","caption":"admin"},"sameAs":["https:\/\/www.europa-prefabri.com","https:\/\/x.com\/@EuropaPrefabri"]}]}},"_links":{"self":[{"href":"https:\/\/www.europa-prefabri.com\/en\/wp-json\/wp\/v2\/posts\/9342","targetHints":{"allow":["GET"]}}],"collection":[{"href":"https:\/\/www.europa-prefabri.com\/en\/wp-json\/wp\/v2\/posts"}],"about":[{"href":"https:\/\/www.europa-prefabri.com\/en\/wp-json\/wp\/v2\/types\/post"}],"author":[{"embeddable":true,"href":"https:\/\/www.europa-prefabri.com\/en\/wp-json\/wp\/v2\/users\/4"}],"replies":[{"embeddable":true,"href":"https:\/\/www.europa-prefabri.com\/en\/wp-json\/wp\/v2\/comments?post=9342"}],"version-history":[{"count":0,"href":"https:\/\/www.europa-prefabri.com\/en\/wp-json\/wp\/v2\/posts\/9342\/revisions"}],"wp:featuredmedia":[{"embeddable":true,"href":"https:\/\/www.europa-prefabri.com\/en\/wp-json\/wp\/v2\/media\/9332"}],"wp:attachment":[{"href":"https:\/\/www.europa-prefabri.com\/en\/wp-json\/wp\/v2\/media?parent=9342"}],"wp:term":[{"taxonomy":"category","embeddable":true,"href":"https:\/\/www.europa-prefabri.com\/en\/wp-json\/wp\/v2\/categories?post=9342"},{"taxonomy":"post_tag","embeddable":true,"href":"https:\/\/www.europa-prefabri.com\/en\/wp-json\/wp\/v2\/tags?post=9342"}],"curies":[{"name":"wp","href":"https:\/\/api.w.org\/{rel}","templated":true}]}}