{"id":6671,"date":"2014-09-22T23:25:04","date_gmt":"2014-09-22T23:25:04","guid":{"rendered":"http:\/\/www.europa-prefabri.com\/?p=6671"},"modified":"2017-03-27T08:46:03","modified_gmt":"2017-03-27T08:46:03","slug":"dcode-festival-2014","status":"publish","type":"post","link":"https:\/\/www.europa-prefabri.com\/en\/dcode-festival-2014\/","title":{"rendered":"DCODE 2014 | Prefabri"},"content":{"rendered":"<p>&nbsp;<\/p>\n\n\t\t<style type=\"text\/css\">\n\t\t\t#gallery-1 {\n\t\t\t\tmargin: auto;\n\t\t\t}\n\t\t\t#gallery-1 .gallery-item {\n\t\t\t\tfloat: left;\n\t\t\t\tmargin-top: 10px;\n\t\t\t\ttext-align: center;\n\t\t\t\twidth: 11%;\n\t\t\t}\n\t\t\t#gallery-1 img {\n\t\t\t\tborder: 2px solid #cfcfcf;\n\t\t\t}\n\t\t\t#gallery-1 .gallery-caption {\n\t\t\t\tmargin-left: 0;\n\t\t\t}\n\t\t\t\/* see gallery_shortcode() in wp-includes\/media.php *\/\n\t\t<\/style>\n\t\t<div id='gallery-1' class='gallery galleryid-6671 gallery-columns-9 gallery-size-thumbnail'><dl class='gallery-item'>\n\t\t\t<dt class='gallery-icon landscape'>\n\t\t\t\t<a href='https:\/\/www.europa-prefabri.com\/en\/29_800x452\/'><img loading=\"lazy\" decoding=\"async\" width=\"80\" height=\"80\" src=\"https:\/\/www.europa-prefabri.com\/wp-content\/uploads\/29_800x452-80x80.jpg\" class=\"attachment-thumbnail size-thumbnail\" alt=\"Europa Prefabri - Alquiler para eventos\" srcset=\"https:\/\/www.europa-prefabri.com\/wp-content\/uploads\/29_800x452-80x80.jpg 80w, https:\/\/www.europa-prefabri.com\/wp-content\/uploads\/29_800x452-36x36.jpg 36w, https:\/\/www.europa-prefabri.com\/wp-content\/uploads\/29_800x452-180x180.jpg 180w, https:\/\/www.europa-prefabri.com\/wp-content\/uploads\/29_800x452-120x120.jpg 120w, https:\/\/www.europa-prefabri.com\/wp-content\/uploads\/29_800x452-450x450.jpg 450w\" sizes=\"auto, (max-width: 80px) 100vw, 80px\" \/><\/a>\n\t\t\t<\/dt><\/dl><dl class='gallery-item'>\n\t\t\t<dt class='gallery-icon landscape'>\n\t\t\t\t<a href='https:\/\/www.europa-prefabri.com\/en\/32_800x452\/'><img loading=\"lazy\" decoding=\"async\" width=\"80\" height=\"80\" src=\"https:\/\/www.europa-prefabri.com\/wp-content\/uploads\/32_800x452-80x80.jpg\" class=\"attachment-thumbnail size-thumbnail\" alt=\"Europa Prefabri - Alquiler para eventos\" srcset=\"https:\/\/www.europa-prefabri.com\/wp-content\/uploads\/32_800x452-80x80.jpg 80w, https:\/\/www.europa-prefabri.com\/wp-content\/uploads\/32_800x452-36x36.jpg 36w, https:\/\/www.europa-prefabri.com\/wp-content\/uploads\/32_800x452-180x180.jpg 180w, https:\/\/www.europa-prefabri.com\/wp-content\/uploads\/32_800x452-120x120.jpg 120w, https:\/\/www.europa-prefabri.com\/wp-content\/uploads\/32_800x452-450x450.jpg 450w\" sizes=\"auto, (max-width: 80px) 100vw, 80px\" \/><\/a>\n\t\t\t<\/dt><\/dl><dl class='gallery-item'>\n\t\t\t<dt class='gallery-icon landscape'>\n\t\t\t\t<a href='https:\/\/www.europa-prefabri.com\/en\/33_800x452\/'><img loading=\"lazy\" decoding=\"async\" width=\"80\" height=\"80\" src=\"https:\/\/www.europa-prefabri.com\/wp-content\/uploads\/33_800x452-80x80.jpg\" class=\"attachment-thumbnail size-thumbnail\" alt=\"Europa Prefabri - Alquiler para eventos\" srcset=\"https:\/\/www.europa-prefabri.com\/wp-content\/uploads\/33_800x452-80x80.jpg 80w, https:\/\/www.europa-prefabri.com\/wp-content\/uploads\/33_800x452-36x36.jpg 36w, https:\/\/www.europa-prefabri.com\/wp-content\/uploads\/33_800x452-180x180.jpg 180w, https:\/\/www.europa-prefabri.com\/wp-content\/uploads\/33_800x452-120x120.jpg 120w, https:\/\/www.europa-prefabri.com\/wp-content\/uploads\/33_800x452-450x450.jpg 450w\" sizes=\"auto, (max-width: 80px) 100vw, 80px\" \/><\/a>\n\t\t\t<\/dt><\/dl><dl class='gallery-item'>\n\t\t\t<dt class='gallery-icon landscape'>\n\t\t\t\t<a href='https:\/\/www.europa-prefabri.com\/en\/35_800x452\/'><img loading=\"lazy\" decoding=\"async\" width=\"80\" height=\"80\" src=\"https:\/\/www.europa-prefabri.com\/wp-content\/uploads\/35_800x452-80x80.jpg\" class=\"attachment-thumbnail size-thumbnail\" alt=\"Europa Prefabri - Alquiler para eventos\" srcset=\"https:\/\/www.europa-prefabri.com\/wp-content\/uploads\/35_800x452-80x80.jpg 80w, https:\/\/www.europa-prefabri.com\/wp-content\/uploads\/35_800x452-36x36.jpg 36w, https:\/\/www.europa-prefabri.com\/wp-content\/uploads\/35_800x452-180x180.jpg 180w, https:\/\/www.europa-prefabri.com\/wp-content\/uploads\/35_800x452-120x120.jpg 120w, https:\/\/www.europa-prefabri.com\/wp-content\/uploads\/35_800x452-450x450.jpg 450w\" sizes=\"auto, (max-width: 80px) 100vw, 80px\" \/><\/a>\n\t\t\t<\/dt><\/dl><dl class='gallery-item'>\n\t\t\t<dt class='gallery-icon landscape'>\n\t\t\t\t<a href='https:\/\/www.europa-prefabri.com\/en\/37_800x452\/'><img loading=\"lazy\" decoding=\"async\" width=\"80\" height=\"80\" src=\"https:\/\/www.europa-prefabri.com\/wp-content\/uploads\/37_800x452-80x80.jpg\" class=\"attachment-thumbnail size-thumbnail\" alt=\"Europa Prefabri - Alquiler para eventos\" srcset=\"https:\/\/www.europa-prefabri.com\/wp-content\/uploads\/37_800x452-80x80.jpg 80w, https:\/\/www.europa-prefabri.com\/wp-content\/uploads\/37_800x452-36x36.jpg 36w, https:\/\/www.europa-prefabri.com\/wp-content\/uploads\/37_800x452-180x180.jpg 180w, https:\/\/www.europa-prefabri.com\/wp-content\/uploads\/37_800x452-120x120.jpg 120w, https:\/\/www.europa-prefabri.com\/wp-content\/uploads\/37_800x452-450x450.jpg 450w\" sizes=\"auto, (max-width: 80px) 100vw, 80px\" \/><\/a>\n\t\t\t<\/dt><\/dl><dl class='gallery-item'>\n\t\t\t<dt class='gallery-icon landscape'>\n\t\t\t\t<a href='https:\/\/www.europa-prefabri.com\/en\/39_800x452\/'><img loading=\"lazy\" decoding=\"async\" width=\"80\" height=\"80\" src=\"https:\/\/www.europa-prefabri.com\/wp-content\/uploads\/39_800x452-80x80.jpg\" class=\"attachment-thumbnail size-thumbnail\" alt=\"Europa Prefabri - Alquiler para eventos\" srcset=\"https:\/\/www.europa-prefabri.com\/wp-content\/uploads\/39_800x452-80x80.jpg 80w, https:\/\/www.europa-prefabri.com\/wp-content\/uploads\/39_800x452-36x36.jpg 36w, https:\/\/www.europa-prefabri.com\/wp-content\/uploads\/39_800x452-180x180.jpg 180w, https:\/\/www.europa-prefabri.com\/wp-content\/uploads\/39_800x452-120x120.jpg 120w, https:\/\/www.europa-prefabri.com\/wp-content\/uploads\/39_800x452-450x450.jpg 450w\" sizes=\"auto, (max-width: 80px) 100vw, 80px\" \/><\/a>\n\t\t\t<\/dt><\/dl><dl class='gallery-item'>\n\t\t\t<dt class='gallery-icon landscape'>\n\t\t\t\t<a href='https:\/\/www.europa-prefabri.com\/en\/41_800x452-2\/'><img loading=\"lazy\" decoding=\"async\" width=\"80\" height=\"80\" src=\"https:\/\/www.europa-prefabri.com\/wp-content\/uploads\/41_800x452-80x80.jpg\" class=\"attachment-thumbnail size-thumbnail\" alt=\"\" srcset=\"https:\/\/www.europa-prefabri.com\/wp-content\/uploads\/41_800x452-80x80.jpg 80w, https:\/\/www.europa-prefabri.com\/wp-content\/uploads\/41_800x452-36x36.jpg 36w, https:\/\/www.europa-prefabri.com\/wp-content\/uploads\/41_800x452-180x180.jpg 180w, https:\/\/www.europa-prefabri.com\/wp-content\/uploads\/41_800x452-120x120.jpg 120w, https:\/\/www.europa-prefabri.com\/wp-content\/uploads\/41_800x452-450x450.jpg 450w\" sizes=\"auto, (max-width: 80px) 100vw, 80px\" \/><\/a>\n\t\t\t<\/dt><\/dl><dl class='gallery-item'>\n\t\t\t<dt class='gallery-icon landscape'>\n\t\t\t\t<a href='https:\/\/www.europa-prefabri.com\/en\/42_800x452\/'><img loading=\"lazy\" decoding=\"async\" width=\"80\" height=\"80\" src=\"https:\/\/www.europa-prefabri.com\/wp-content\/uploads\/42_800x452-80x80.jpg\" class=\"attachment-thumbnail size-thumbnail\" alt=\"Europa Prefabri - Alquiler para eventos\" srcset=\"https:\/\/www.europa-prefabri.com\/wp-content\/uploads\/42_800x452-80x80.jpg 80w, https:\/\/www.europa-prefabri.com\/wp-content\/uploads\/42_800x452-36x36.jpg 36w, https:\/\/www.europa-prefabri.com\/wp-content\/uploads\/42_800x452-180x180.jpg 180w, https:\/\/www.europa-prefabri.com\/wp-content\/uploads\/42_800x452-120x120.jpg 120w, https:\/\/www.europa-prefabri.com\/wp-content\/uploads\/42_800x452-450x450.jpg 450w\" sizes=\"auto, (max-width: 80px) 100vw, 80px\" \/><\/a>\n\t\t\t<\/dt><\/dl><dl class='gallery-item'>\n\t\t\t<dt class='gallery-icon landscape'>\n\t\t\t\t<a href='https:\/\/www.europa-prefabri.com\/en\/43_800x452\/'><img loading=\"lazy\" decoding=\"async\" width=\"80\" height=\"80\" src=\"https:\/\/www.europa-prefabri.com\/wp-content\/uploads\/43_800x452-80x80.jpg\" class=\"attachment-thumbnail size-thumbnail\" alt=\"Europa Prefabri - Alquiler para eventos\" srcset=\"https:\/\/www.europa-prefabri.com\/wp-content\/uploads\/43_800x452-80x80.jpg 80w, https:\/\/www.europa-prefabri.com\/wp-content\/uploads\/43_800x452-36x36.jpg 36w, https:\/\/www.europa-prefabri.com\/wp-content\/uploads\/43_800x452-180x180.jpg 180w, https:\/\/www.europa-prefabri.com\/wp-content\/uploads\/43_800x452-120x120.jpg 120w, https:\/\/www.europa-prefabri.com\/wp-content\/uploads\/43_800x452-450x450.jpg 450w\" sizes=\"auto, (max-width: 80px) 100vw, 80px\" \/><\/a>\n\t\t\t<\/dt><\/dl><br style=\"clear: both\" \/>\n\t\t<\/div>\n\n<p>El 14 de septiembre ha tenido lugar en la Ciudad Universitaria de Madrid uno de los festivales de m\u00fasica m\u00e1s importantes que se celebran todos los veranos en la capital: DCODE Festival 2014.<\/p>\n<p>Europa Prefabri proveedor habitual de los festivales de m\u00fasica y grandes eventos ha sido elegido un a\u00f1o m\u00e1s para el servicio de alquiler e instalaci\u00f3n de todos los m\u00f3dulos, oficinas temporales, camerinos, sanitarios y ba\u00f1os prefabricados necesarios para el festival.<\/p>\n","protected":false},"excerpt":{"rendered":"<p>&nbsp; El 14 de septiembre ha tenido lugar en la Ciudad Universitaria de Madrid uno de los festivales de m\u00fasica m\u00e1s importantes que se celebran todos los veranos en la capital: DCODE Festival 2014. Europa Prefabri proveedor habitual de los festivales de m\u00fasica y grandes eventos ha sido elegido un a\u00f1o m\u00e1s para el servicio [&hellip;]<\/p>\n","protected":false},"author":4,"featured_media":7952,"comment_status":"closed","ping_status":"closed","sticky":false,"template":"","format":"gallery","meta":{"footnotes":""},"categories":[411,57],"tags":[243,244,245,246,247,248],"class_list":["post-6671","post","type-post","status-publish","format-gallery","has-post-thumbnail","hentry","category-noticias-en","category-sin-categoria-en","tag-banos-prefabricados-en","tag-camerinos-en","tag-eventos-en","tag-ferias-en","tag-festivales-en","tag-sanitarios-2-en","post_format-post-format-gallery"],"yoast_head":"<!-- This site is optimized with the Yoast SEO plugin v27.5 - https:\/\/yoast.com\/product\/yoast-seo-wordpress\/ -->\n<title>Dcode Festival 2014 - Alquiler de modulos para eventos | Prefabri<\/title>\n<meta name=\"description\" content=\"Prefabri has participado en Dcode Festival 2014. Alquilamos de m\u00f3dulos, vallas, cerramientos, sanitarios port\u00e1tiles y camerinos para eventos.\" \/>\n<meta name=\"robots\" content=\"index, follow, max-snippet:-1, max-image-preview:large, max-video-preview:-1\" \/>\n<link rel=\"canonical\" href=\"https:\/\/www.europa-prefabri.com\/en\/dcode-festival-2014\/\" \/>\n<meta property=\"og:locale\" content=\"en_US\" \/>\n<meta property=\"og:type\" content=\"article\" \/>\n<meta property=\"og:title\" content=\"Dcode Festival 2014 - Alquiler de modulos para eventos | Prefabri\" \/>\n<meta property=\"og:description\" content=\"Prefabri has participado en Dcode Festival 2014. Alquilamos de m\u00f3dulos, vallas, cerramientos, sanitarios port\u00e1tiles y camerinos para eventos.\" \/>\n<meta property=\"og:url\" content=\"https:\/\/www.europa-prefabri.com\/en\/dcode-festival-2014\/\" \/>\n<meta property=\"og:site_name\" content=\"Europa Prefabri | Alquiler y venta de construcciones modulares\" \/>\n<meta property=\"article:publisher\" content=\"https:\/\/www.facebook.com\/Europa-Prefabri-258328977572213\/\" \/>\n<meta property=\"article:published_time\" content=\"2014-09-22T23:25:04+00:00\" \/>\n<meta property=\"article:modified_time\" content=\"2017-03-27T08:46:03+00:00\" \/>\n<meta property=\"og:image\" content=\"https:\/\/www.europa-prefabri.com\/wp-content\/uploads\/dcode-2014.jpg\" \/>\n\t<meta property=\"og:image:width\" content=\"290\" \/>\n\t<meta property=\"og:image:height\" content=\"174\" \/>\n\t<meta property=\"og:image:type\" content=\"image\/jpeg\" \/>\n<meta name=\"author\" content=\"admin\" \/>\n<meta name=\"twitter:card\" content=\"summary_large_image\" \/>\n<meta name=\"twitter:creator\" content=\"@EuropaPrefabri\" \/>\n<meta name=\"twitter:site\" content=\"@EuropaPrefabri\" \/>\n<meta name=\"twitter:label1\" content=\"Written by\" \/>\n\t<meta name=\"twitter:data1\" content=\"admin\" \/>\n<script type=\"application\/ld+json\" class=\"yoast-schema-graph\">{\"@context\":\"https:\\\/\\\/schema.org\",\"@graph\":[{\"@type\":\"Article\",\"@id\":\"https:\\\/\\\/www.europa-prefabri.com\\\/en\\\/dcode-festival-2014\\\/#article\",\"isPartOf\":{\"@id\":\"https:\\\/\\\/www.europa-prefabri.com\\\/en\\\/dcode-festival-2014\\\/\"},\"author\":{\"name\":\"admin\",\"@id\":\"https:\\\/\\\/www.europa-prefabri.com\\\/#\\\/schema\\\/person\\\/2ab6be5821a7026cd8f16d2a9411e86e\"},\"headline\":\"DCODE 2014 | Prefabri\",\"datePublished\":\"2014-09-22T23:25:04+00:00\",\"dateModified\":\"2017-03-27T08:46:03+00:00\",\"mainEntityOfPage\":{\"@id\":\"https:\\\/\\\/www.europa-prefabri.com\\\/en\\\/dcode-festival-2014\\\/\"},\"wordCount\":85,\"publisher\":{\"@id\":\"https:\\\/\\\/www.europa-prefabri.com\\\/#organization\"},\"image\":{\"@id\":\"https:\\\/\\\/www.europa-prefabri.com\\\/en\\\/dcode-festival-2014\\\/#primaryimage\"},\"thumbnailUrl\":\"https:\\\/\\\/www.europa-prefabri.com\\\/wp-content\\\/uploads\\\/dcode-2014.jpg\",\"keywords\":[\"BA\u00d1OS PREFABRICADOS\",\"CAMERINOS\",\"EVENTOS\",\"FERIAS\",\"FESTIVALES\",\"SANITARIOS\"],\"articleSection\":[\"Noticias\",\"Projects\"],\"inLanguage\":\"en-US\"},{\"@type\":\"WebPage\",\"@id\":\"https:\\\/\\\/www.europa-prefabri.com\\\/en\\\/dcode-festival-2014\\\/\",\"url\":\"https:\\\/\\\/www.europa-prefabri.com\\\/en\\\/dcode-festival-2014\\\/\",\"name\":\"Dcode Festival 2014 - Alquiler de modulos para eventos | Prefabri\",\"isPartOf\":{\"@id\":\"https:\\\/\\\/www.europa-prefabri.com\\\/#website\"},\"primaryImageOfPage\":{\"@id\":\"https:\\\/\\\/www.europa-prefabri.com\\\/en\\\/dcode-festival-2014\\\/#primaryimage\"},\"image\":{\"@id\":\"https:\\\/\\\/www.europa-prefabri.com\\\/en\\\/dcode-festival-2014\\\/#primaryimage\"},\"thumbnailUrl\":\"https:\\\/\\\/www.europa-prefabri.com\\\/wp-content\\\/uploads\\\/dcode-2014.jpg\",\"datePublished\":\"2014-09-22T23:25:04+00:00\",\"dateModified\":\"2017-03-27T08:46:03+00:00\",\"description\":\"Prefabri has participado en Dcode Festival 2014. Alquilamos de m\u00f3dulos, vallas, cerramientos, sanitarios port\u00e1tiles y camerinos para eventos.\",\"breadcrumb\":{\"@id\":\"https:\\\/\\\/www.europa-prefabri.com\\\/en\\\/dcode-festival-2014\\\/#breadcrumb\"},\"inLanguage\":\"en-US\",\"potentialAction\":[{\"@type\":\"ReadAction\",\"target\":[\"https:\\\/\\\/www.europa-prefabri.com\\\/en\\\/dcode-festival-2014\\\/\"]}]},{\"@type\":\"ImageObject\",\"inLanguage\":\"en-US\",\"@id\":\"https:\\\/\\\/www.europa-prefabri.com\\\/en\\\/dcode-festival-2014\\\/#primaryimage\",\"url\":\"https:\\\/\\\/www.europa-prefabri.com\\\/wp-content\\\/uploads\\\/dcode-2014.jpg\",\"contentUrl\":\"https:\\\/\\\/www.europa-prefabri.com\\\/wp-content\\\/uploads\\\/dcode-2014.jpg\",\"width\":290,\"height\":174},{\"@type\":\"BreadcrumbList\",\"@id\":\"https:\\\/\\\/www.europa-prefabri.com\\\/en\\\/dcode-festival-2014\\\/#breadcrumb\",\"itemListElement\":[{\"@type\":\"ListItem\",\"position\":1,\"name\":\"Portada\",\"item\":\"https:\\\/\\\/www.europa-prefabri.com\\\/\"},{\"@type\":\"ListItem\",\"position\":2,\"name\":\"DCODE 2014 | Prefabri\"}]},{\"@type\":\"WebSite\",\"@id\":\"https:\\\/\\\/www.europa-prefabri.com\\\/#website\",\"url\":\"https:\\\/\\\/www.europa-prefabri.com\\\/\",\"name\":\"Europa Prefabri | Alquiler y venta de construcciones modulares\",\"description\":\"Alquiler y venta de construcciones modulares, casetas de obra, marquesinas de aparcamiento y vallas y cerramientos.\",\"publisher\":{\"@id\":\"https:\\\/\\\/www.europa-prefabri.com\\\/#organization\"},\"potentialAction\":[{\"@type\":\"SearchAction\",\"target\":{\"@type\":\"EntryPoint\",\"urlTemplate\":\"https:\\\/\\\/www.europa-prefabri.com\\\/?s={search_term_string}\"},\"query-input\":{\"@type\":\"PropertyValueSpecification\",\"valueRequired\":true,\"valueName\":\"search_term_string\"}}],\"inLanguage\":\"en-US\"},{\"@type\":\"Organization\",\"@id\":\"https:\\\/\\\/www.europa-prefabri.com\\\/#organization\",\"name\":\"Prefabri S.L.\",\"url\":\"https:\\\/\\\/www.europa-prefabri.com\\\/\",\"logo\":{\"@type\":\"ImageObject\",\"inLanguage\":\"en-US\",\"@id\":\"https:\\\/\\\/www.europa-prefabri.com\\\/#\\\/schema\\\/logo\\\/image\\\/\",\"url\":\"https:\\\/\\\/www.europa-prefabri.com\\\/wp-content\\\/uploads\\\/EuropaPrefabri-Logo.jpg\",\"contentUrl\":\"https:\\\/\\\/www.europa-prefabri.com\\\/wp-content\\\/uploads\\\/EuropaPrefabri-Logo.jpg\",\"width\":752,\"height\":348,\"caption\":\"Prefabri S.L.\"},\"image\":{\"@id\":\"https:\\\/\\\/www.europa-prefabri.com\\\/#\\\/schema\\\/logo\\\/image\\\/\"},\"sameAs\":[\"https:\\\/\\\/www.facebook.com\\\/Europa-Prefabri-258328977572213\\\/\",\"https:\\\/\\\/x.com\\\/EuropaPrefabri\",\"https:\\\/\\\/www.instagram.com\\\/europaprefabri\\\/\",\"https:\\\/\\\/es.linkedin.com\\\/company\\\/europa-prefabri\",\"https:\\\/\\\/es.pinterest.com\\\/europaprefabri\\\/\",\"https:\\\/\\\/www.youtube.com\\\/user\\\/PrefabriSL\"]},{\"@type\":\"Person\",\"@id\":\"https:\\\/\\\/www.europa-prefabri.com\\\/#\\\/schema\\\/person\\\/2ab6be5821a7026cd8f16d2a9411e86e\",\"name\":\"admin\",\"image\":{\"@type\":\"ImageObject\",\"inLanguage\":\"en-US\",\"@id\":\"https:\\\/\\\/secure.gravatar.com\\\/avatar\\\/dc55d3f4b941a1510eef2620b2c166513788bd88ef72341333b6d0a859bacd3c?s=96&d=mm&r=g\",\"url\":\"https:\\\/\\\/secure.gravatar.com\\\/avatar\\\/dc55d3f4b941a1510eef2620b2c166513788bd88ef72341333b6d0a859bacd3c?s=96&d=mm&r=g\",\"contentUrl\":\"https:\\\/\\\/secure.gravatar.com\\\/avatar\\\/dc55d3f4b941a1510eef2620b2c166513788bd88ef72341333b6d0a859bacd3c?s=96&d=mm&r=g\",\"caption\":\"admin\"},\"sameAs\":[\"https:\\\/\\\/www.europa-prefabri.com\",\"https:\\\/\\\/x.com\\\/@EuropaPrefabri\"]}]}<\/script>\n<!-- \/ Yoast SEO plugin. -->","yoast_head_json":{"title":"Dcode Festival 2014 - Alquiler de modulos para eventos | Prefabri","description":"Prefabri has participado en Dcode Festival 2014. Alquilamos de m\u00f3dulos, vallas, cerramientos, sanitarios port\u00e1tiles y camerinos para eventos.","robots":{"index":"index","follow":"follow","max-snippet":"max-snippet:-1","max-image-preview":"max-image-preview:large","max-video-preview":"max-video-preview:-1"},"canonical":"https:\/\/www.europa-prefabri.com\/en\/dcode-festival-2014\/","og_locale":"en_US","og_type":"article","og_title":"Dcode Festival 2014 - Alquiler de modulos para eventos | Prefabri","og_description":"Prefabri has participado en Dcode Festival 2014. Alquilamos de m\u00f3dulos, vallas, cerramientos, sanitarios port\u00e1tiles y camerinos para eventos.","og_url":"https:\/\/www.europa-prefabri.com\/en\/dcode-festival-2014\/","og_site_name":"Europa Prefabri | Alquiler y venta de construcciones modulares","article_publisher":"https:\/\/www.facebook.com\/Europa-Prefabri-258328977572213\/","article_published_time":"2014-09-22T23:25:04+00:00","article_modified_time":"2017-03-27T08:46:03+00:00","og_image":[{"width":290,"height":174,"url":"https:\/\/www.europa-prefabri.com\/wp-content\/uploads\/dcode-2014.jpg","type":"image\/jpeg"}],"author":"admin","twitter_card":"summary_large_image","twitter_creator":"@EuropaPrefabri","twitter_site":"@EuropaPrefabri","twitter_misc":{"Written by":"admin"},"schema":{"@context":"https:\/\/schema.org","@graph":[{"@type":"Article","@id":"https:\/\/www.europa-prefabri.com\/en\/dcode-festival-2014\/#article","isPartOf":{"@id":"https:\/\/www.europa-prefabri.com\/en\/dcode-festival-2014\/"},"author":{"name":"admin","@id":"https:\/\/www.europa-prefabri.com\/#\/schema\/person\/2ab6be5821a7026cd8f16d2a9411e86e"},"headline":"DCODE 2014 | Prefabri","datePublished":"2014-09-22T23:25:04+00:00","dateModified":"2017-03-27T08:46:03+00:00","mainEntityOfPage":{"@id":"https:\/\/www.europa-prefabri.com\/en\/dcode-festival-2014\/"},"wordCount":85,"publisher":{"@id":"https:\/\/www.europa-prefabri.com\/#organization"},"image":{"@id":"https:\/\/www.europa-prefabri.com\/en\/dcode-festival-2014\/#primaryimage"},"thumbnailUrl":"https:\/\/www.europa-prefabri.com\/wp-content\/uploads\/dcode-2014.jpg","keywords":["BA\u00d1OS PREFABRICADOS","CAMERINOS","EVENTOS","FERIAS","FESTIVALES","SANITARIOS"],"articleSection":["Noticias","Projects"],"inLanguage":"en-US"},{"@type":"WebPage","@id":"https:\/\/www.europa-prefabri.com\/en\/dcode-festival-2014\/","url":"https:\/\/www.europa-prefabri.com\/en\/dcode-festival-2014\/","name":"Dcode Festival 2014 - Alquiler de modulos para eventos | Prefabri","isPartOf":{"@id":"https:\/\/www.europa-prefabri.com\/#website"},"primaryImageOfPage":{"@id":"https:\/\/www.europa-prefabri.com\/en\/dcode-festival-2014\/#primaryimage"},"image":{"@id":"https:\/\/www.europa-prefabri.com\/en\/dcode-festival-2014\/#primaryimage"},"thumbnailUrl":"https:\/\/www.europa-prefabri.com\/wp-content\/uploads\/dcode-2014.jpg","datePublished":"2014-09-22T23:25:04+00:00","dateModified":"2017-03-27T08:46:03+00:00","description":"Prefabri has participado en Dcode Festival 2014. Alquilamos de m\u00f3dulos, vallas, cerramientos, sanitarios port\u00e1tiles y camerinos para eventos.","breadcrumb":{"@id":"https:\/\/www.europa-prefabri.com\/en\/dcode-festival-2014\/#breadcrumb"},"inLanguage":"en-US","potentialAction":[{"@type":"ReadAction","target":["https:\/\/www.europa-prefabri.com\/en\/dcode-festival-2014\/"]}]},{"@type":"ImageObject","inLanguage":"en-US","@id":"https:\/\/www.europa-prefabri.com\/en\/dcode-festival-2014\/#primaryimage","url":"https:\/\/www.europa-prefabri.com\/wp-content\/uploads\/dcode-2014.jpg","contentUrl":"https:\/\/www.europa-prefabri.com\/wp-content\/uploads\/dcode-2014.jpg","width":290,"height":174},{"@type":"BreadcrumbList","@id":"https:\/\/www.europa-prefabri.com\/en\/dcode-festival-2014\/#breadcrumb","itemListElement":[{"@type":"ListItem","position":1,"name":"Portada","item":"https:\/\/www.europa-prefabri.com\/"},{"@type":"ListItem","position":2,"name":"DCODE 2014 | Prefabri"}]},{"@type":"WebSite","@id":"https:\/\/www.europa-prefabri.com\/#website","url":"https:\/\/www.europa-prefabri.com\/","name":"Europa Prefabri | Alquiler y venta de construcciones modulares","description":"Alquiler y venta de construcciones modulares, casetas de obra, marquesinas de aparcamiento y vallas y cerramientos.","publisher":{"@id":"https:\/\/www.europa-prefabri.com\/#organization"},"potentialAction":[{"@type":"SearchAction","target":{"@type":"EntryPoint","urlTemplate":"https:\/\/www.europa-prefabri.com\/?s={search_term_string}"},"query-input":{"@type":"PropertyValueSpecification","valueRequired":true,"valueName":"search_term_string"}}],"inLanguage":"en-US"},{"@type":"Organization","@id":"https:\/\/www.europa-prefabri.com\/#organization","name":"Prefabri S.L.","url":"https:\/\/www.europa-prefabri.com\/","logo":{"@type":"ImageObject","inLanguage":"en-US","@id":"https:\/\/www.europa-prefabri.com\/#\/schema\/logo\/image\/","url":"https:\/\/www.europa-prefabri.com\/wp-content\/uploads\/EuropaPrefabri-Logo.jpg","contentUrl":"https:\/\/www.europa-prefabri.com\/wp-content\/uploads\/EuropaPrefabri-Logo.jpg","width":752,"height":348,"caption":"Prefabri S.L."},"image":{"@id":"https:\/\/www.europa-prefabri.com\/#\/schema\/logo\/image\/"},"sameAs":["https:\/\/www.facebook.com\/Europa-Prefabri-258328977572213\/","https:\/\/x.com\/EuropaPrefabri","https:\/\/www.instagram.com\/europaprefabri\/","https:\/\/es.linkedin.com\/company\/europa-prefabri","https:\/\/es.pinterest.com\/europaprefabri\/","https:\/\/www.youtube.com\/user\/PrefabriSL"]},{"@type":"Person","@id":"https:\/\/www.europa-prefabri.com\/#\/schema\/person\/2ab6be5821a7026cd8f16d2a9411e86e","name":"admin","image":{"@type":"ImageObject","inLanguage":"en-US","@id":"https:\/\/secure.gravatar.com\/avatar\/dc55d3f4b941a1510eef2620b2c166513788bd88ef72341333b6d0a859bacd3c?s=96&d=mm&r=g","url":"https:\/\/secure.gravatar.com\/avatar\/dc55d3f4b941a1510eef2620b2c166513788bd88ef72341333b6d0a859bacd3c?s=96&d=mm&r=g","contentUrl":"https:\/\/secure.gravatar.com\/avatar\/dc55d3f4b941a1510eef2620b2c166513788bd88ef72341333b6d0a859bacd3c?s=96&d=mm&r=g","caption":"admin"},"sameAs":["https:\/\/www.europa-prefabri.com","https:\/\/x.com\/@EuropaPrefabri"]}]}},"_links":{"self":[{"href":"https:\/\/www.europa-prefabri.com\/en\/wp-json\/wp\/v2\/posts\/6671","targetHints":{"allow":["GET"]}}],"collection":[{"href":"https:\/\/www.europa-prefabri.com\/en\/wp-json\/wp\/v2\/posts"}],"about":[{"href":"https:\/\/www.europa-prefabri.com\/en\/wp-json\/wp\/v2\/types\/post"}],"author":[{"embeddable":true,"href":"https:\/\/www.europa-prefabri.com\/en\/wp-json\/wp\/v2\/users\/4"}],"replies":[{"embeddable":true,"href":"https:\/\/www.europa-prefabri.com\/en\/wp-json\/wp\/v2\/comments?post=6671"}],"version-history":[{"count":0,"href":"https:\/\/www.europa-prefabri.com\/en\/wp-json\/wp\/v2\/posts\/6671\/revisions"}],"wp:featuredmedia":[{"embeddable":true,"href":"https:\/\/www.europa-prefabri.com\/en\/wp-json\/wp\/v2\/media\/7952"}],"wp:attachment":[{"href":"https:\/\/www.europa-prefabri.com\/en\/wp-json\/wp\/v2\/media?parent=6671"}],"wp:term":[{"taxonomy":"category","embeddable":true,"href":"https:\/\/www.europa-prefabri.com\/en\/wp-json\/wp\/v2\/categories?post=6671"},{"taxonomy":"post_tag","embeddable":true,"href":"https:\/\/www.europa-prefabri.com\/en\/wp-json\/wp\/v2\/tags?post=6671"}],"curies":[{"name":"wp","href":"https:\/\/api.w.org\/{rel}","templated":true}]}}