{"id":23177,"date":"2018-11-28T11:39:21","date_gmt":"2018-11-28T10:39:21","guid":{"rendered":"http:\/\/www.europa-prefabri.com\/melia-hoteles-also-relies-on-europa-prefabri\/"},"modified":"2018-11-28T11:43:59","modified_gmt":"2018-11-28T10:43:59","slug":"melia-hoteles-also-relies-on-europa-prefabri","status":"publish","type":"post","link":"https:\/\/www.europa-prefabri.com\/en\/melia-hoteles-also-relies-on-europa-prefabri\/","title":{"rendered":"MELI\u00c1 HOTELES ALSO RELIES ON EUROPA PREFABRI"},"content":{"rendered":"\n\t\t<style type=\"text\/css\">\n\t\t\t#gallery-1 {\n\t\t\t\tmargin: auto;\n\t\t\t}\n\t\t\t#gallery-1 .gallery-item {\n\t\t\t\tfloat: left;\n\t\t\t\tmargin-top: 10px;\n\t\t\t\ttext-align: center;\n\t\t\t\twidth: 20%;\n\t\t\t}\n\t\t\t#gallery-1 img {\n\t\t\t\tborder: 2px solid #cfcfcf;\n\t\t\t}\n\t\t\t#gallery-1 .gallery-caption {\n\t\t\t\tmargin-left: 0;\n\t\t\t}\n\t\t\t\/* see gallery_shortcode() in wp-includes\/media.php *\/\n\t\t<\/style>\n\t\t<div id='gallery-1' class='gallery galleryid-23177 gallery-columns-5 gallery-size-thumbnail'><dl class='gallery-item'>\n\t\t\t<dt class='gallery-icon portrait'>\n\t\t\t\t<a href='https:\/\/www.europa-prefabri.com\/en\/abris-en-toile-hotel-melia\/cubierta-textil-2\/'><img loading=\"lazy\" decoding=\"async\" width=\"80\" height=\"80\" src=\"https:\/\/www.europa-prefabri.com\/wp-content\/uploads\/cubierta-textil-80x80.jpg\" class=\"attachment-thumbnail size-thumbnail\" alt=\"abris en toile\" srcset=\"https:\/\/www.europa-prefabri.com\/wp-content\/uploads\/cubierta-textil-80x80.jpg 80w, https:\/\/www.europa-prefabri.com\/wp-content\/uploads\/cubierta-textil-36x36.jpg 36w, https:\/\/www.europa-prefabri.com\/wp-content\/uploads\/cubierta-textil-180x180.jpg 180w, https:\/\/www.europa-prefabri.com\/wp-content\/uploads\/cubierta-textil-120x120.jpg 120w, https:\/\/www.europa-prefabri.com\/wp-content\/uploads\/cubierta-textil-450x450.jpg 450w\" sizes=\"auto, (max-width: 80px) 100vw, 80px\" \/><\/a>\n\t\t\t<\/dt><\/dl><dl class='gallery-item'>\n\t\t\t<dt class='gallery-icon portrait'>\n\t\t\t\t<a href='https:\/\/www.europa-prefabri.com\/en\/abris-en-toile-hotel-melia\/marquesina-textil-2\/'><img loading=\"lazy\" decoding=\"async\" width=\"80\" height=\"80\" src=\"https:\/\/www.europa-prefabri.com\/wp-content\/uploads\/marquesina-textil-80x80.jpg\" class=\"attachment-thumbnail size-thumbnail\" alt=\"marquesina-textil-aparcamiento\" srcset=\"https:\/\/www.europa-prefabri.com\/wp-content\/uploads\/marquesina-textil-80x80.jpg 80w, https:\/\/www.europa-prefabri.com\/wp-content\/uploads\/marquesina-textil-296x300.jpg 296w, https:\/\/www.europa-prefabri.com\/wp-content\/uploads\/marquesina-textil-36x36.jpg 36w, https:\/\/www.europa-prefabri.com\/wp-content\/uploads\/marquesina-textil-180x180.jpg 180w, https:\/\/www.europa-prefabri.com\/wp-content\/uploads\/marquesina-textil-696x705.jpg 696w, https:\/\/www.europa-prefabri.com\/wp-content\/uploads\/marquesina-textil-120x120.jpg 120w, https:\/\/www.europa-prefabri.com\/wp-content\/uploads\/marquesina-textil-450x456.jpg 450w, https:\/\/www.europa-prefabri.com\/wp-content\/uploads\/marquesina-textil.jpg 750w\" sizes=\"auto, (max-width: 80px) 100vw, 80px\" \/><\/a>\n\t\t\t<\/dt><\/dl><dl class='gallery-item'>\n\t\t\t<dt class='gallery-icon portrait'>\n\t\t\t\t<a href='https:\/\/www.europa-prefabri.com\/en\/melia-hoteles-also-relies-on-europa-prefabri\/marquesina-parking-2-2\/'><img loading=\"lazy\" decoding=\"async\" width=\"80\" height=\"80\" src=\"https:\/\/www.europa-prefabri.com\/wp-content\/uploads\/marquesina-parking-1-80x80.jpg\" class=\"attachment-thumbnail size-thumbnail\" alt=\"marquesina-textil-aparcamiento\" srcset=\"https:\/\/www.europa-prefabri.com\/wp-content\/uploads\/marquesina-parking-1-80x80.jpg 80w, https:\/\/www.europa-prefabri.com\/wp-content\/uploads\/marquesina-parking-1-36x36.jpg 36w, https:\/\/www.europa-prefabri.com\/wp-content\/uploads\/marquesina-parking-1-180x180.jpg 180w, https:\/\/www.europa-prefabri.com\/wp-content\/uploads\/marquesina-parking-1-120x120.jpg 120w, https:\/\/www.europa-prefabri.com\/wp-content\/uploads\/marquesina-parking-1-450x450.jpg 450w\" sizes=\"auto, (max-width: 80px) 100vw, 80px\" \/><\/a>\n\t\t\t<\/dt><\/dl><dl class='gallery-item'>\n\t\t\t<dt class='gallery-icon landscape'>\n\t\t\t\t<a href='https:\/\/www.europa-prefabri.com\/en\/abris-en-toile-hotel-melia\/marquesinas-textil-2\/'><img loading=\"lazy\" decoding=\"async\" width=\"80\" height=\"80\" src=\"https:\/\/www.europa-prefabri.com\/wp-content\/uploads\/marquesinas-textil-80x80.jpg\" class=\"attachment-thumbnail size-thumbnail\" alt=\"marquesina-textil-aparcamiento\" srcset=\"https:\/\/www.europa-prefabri.com\/wp-content\/uploads\/marquesinas-textil-80x80.jpg 80w, https:\/\/www.europa-prefabri.com\/wp-content\/uploads\/marquesinas-textil-36x36.jpg 36w, https:\/\/www.europa-prefabri.com\/wp-content\/uploads\/marquesinas-textil-180x180.jpg 180w, https:\/\/www.europa-prefabri.com\/wp-content\/uploads\/marquesinas-textil-120x120.jpg 120w, https:\/\/www.europa-prefabri.com\/wp-content\/uploads\/marquesinas-textil-450x450.jpg 450w\" sizes=\"auto, (max-width: 80px) 100vw, 80px\" \/><\/a>\n\t\t\t<\/dt><\/dl><dl class='gallery-item'>\n\t\t\t<dt class='gallery-icon portrait'>\n\t\t\t\t<a href='https:\/\/www.europa-prefabri.com\/en\/abris-en-toile-hotel-melia\/marquesinas-2\/'><img loading=\"lazy\" decoding=\"async\" width=\"80\" height=\"80\" src=\"https:\/\/www.europa-prefabri.com\/wp-content\/uploads\/marquesinas-80x80.jpg\" class=\"attachment-thumbnail size-thumbnail\" alt=\"marquesina-textil-aparcamiento\" srcset=\"https:\/\/www.europa-prefabri.com\/wp-content\/uploads\/marquesinas-80x80.jpg 80w, https:\/\/www.europa-prefabri.com\/wp-content\/uploads\/marquesinas-36x36.jpg 36w, https:\/\/www.europa-prefabri.com\/wp-content\/uploads\/marquesinas-180x180.jpg 180w, https:\/\/www.europa-prefabri.com\/wp-content\/uploads\/marquesinas-120x120.jpg 120w, https:\/\/www.europa-prefabri.com\/wp-content\/uploads\/marquesinas-450x450.jpg 450w\" sizes=\"auto, (max-width: 80px) 100vw, 80px\" \/><\/a>\n\t\t\t<\/dt><\/dl><br style=\"clear: both\" \/><dl class='gallery-item'>\n\t\t\t<dt class='gallery-icon portrait'>\n\t\t\t\t<a href='https:\/\/www.europa-prefabri.com\/en\/abris-en-toile-hotel-melia\/marquesinas-aparcamiento-2-2\/'><img loading=\"lazy\" decoding=\"async\" width=\"80\" height=\"80\" src=\"https:\/\/www.europa-prefabri.com\/wp-content\/uploads\/marquesinas-aparcamiento-1-80x80.jpg\" class=\"attachment-thumbnail size-thumbnail\" alt=\"marquesina-textil-aparcamiento\" srcset=\"https:\/\/www.europa-prefabri.com\/wp-content\/uploads\/marquesinas-aparcamiento-1-80x80.jpg 80w, https:\/\/www.europa-prefabri.com\/wp-content\/uploads\/marquesinas-aparcamiento-1-36x36.jpg 36w, https:\/\/www.europa-prefabri.com\/wp-content\/uploads\/marquesinas-aparcamiento-1-180x180.jpg 180w, https:\/\/www.europa-prefabri.com\/wp-content\/uploads\/marquesinas-aparcamiento-1-120x120.jpg 120w, https:\/\/www.europa-prefabri.com\/wp-content\/uploads\/marquesinas-aparcamiento-1-450x450.jpg 450w\" sizes=\"auto, (max-width: 80px) 100vw, 80px\" \/><\/a>\n\t\t\t<\/dt><\/dl><dl class='gallery-item'>\n\t\t\t<dt class='gallery-icon portrait'>\n\t\t\t\t<a href='https:\/\/www.europa-prefabri.com\/en\/abris-en-toile-hotel-melia\/marquesinas-melia-costa-del-sol-2\/'><img loading=\"lazy\" decoding=\"async\" width=\"80\" height=\"80\" src=\"https:\/\/www.europa-prefabri.com\/wp-content\/uploads\/marquesinas-meli\u00e1-costa-del-sol-80x80.jpg\" class=\"attachment-thumbnail size-thumbnail\" alt=\"marquesina-textil-aparcamiento\" srcset=\"https:\/\/www.europa-prefabri.com\/wp-content\/uploads\/marquesinas-meli\u00e1-costa-del-sol-80x80.jpg 80w, https:\/\/www.europa-prefabri.com\/wp-content\/uploads\/marquesinas-meli\u00e1-costa-del-sol-36x36.jpg 36w, https:\/\/www.europa-prefabri.com\/wp-content\/uploads\/marquesinas-meli\u00e1-costa-del-sol-180x180.jpg 180w, https:\/\/www.europa-prefabri.com\/wp-content\/uploads\/marquesinas-meli\u00e1-costa-del-sol-120x120.jpg 120w, https:\/\/www.europa-prefabri.com\/wp-content\/uploads\/marquesinas-meli\u00e1-costa-del-sol-450x450.jpg 450w\" sizes=\"auto, (max-width: 80px) 100vw, 80px\" \/><\/a>\n\t\t\t<\/dt><\/dl><dl class='gallery-item'>\n\t\t\t<dt class='gallery-icon portrait'>\n\t\t\t\t<a href='https:\/\/www.europa-prefabri.com\/en\/abris-en-toile-hotel-melia\/marquesinas-parking-hotel-2\/'><img loading=\"lazy\" decoding=\"async\" width=\"80\" height=\"80\" src=\"https:\/\/www.europa-prefabri.com\/wp-content\/uploads\/marquesinas-parking-hotel-80x80.jpg\" class=\"attachment-thumbnail size-thumbnail\" alt=\"marquesina-textil-aparcamiento\" srcset=\"https:\/\/www.europa-prefabri.com\/wp-content\/uploads\/marquesinas-parking-hotel-80x80.jpg 80w, https:\/\/www.europa-prefabri.com\/wp-content\/uploads\/marquesinas-parking-hotel-36x36.jpg 36w, https:\/\/www.europa-prefabri.com\/wp-content\/uploads\/marquesinas-parking-hotel-180x180.jpg 180w, https:\/\/www.europa-prefabri.com\/wp-content\/uploads\/marquesinas-parking-hotel-120x120.jpg 120w, https:\/\/www.europa-prefabri.com\/wp-content\/uploads\/marquesinas-parking-hotel-450x450.jpg 450w\" sizes=\"auto, (max-width: 80px) 100vw, 80px\" \/><\/a>\n\t\t\t<\/dt><\/dl>\n\t\t\t<br style='clear: both' \/>\n\t\t<\/div>\n\n<p><strong>Europa Prefabri carried a new shade canopy project for Meli\u00e1 Costa del Sol<\/strong><\/p>\n<p>The hotel chain Meli\u00e1 has relied on the Group Europa Prefabri to carry out the installation of tensile canopies at the emblematic hotel Meli\u00e1 Costa del Sol, in M\u00e1laga.<\/p>\n<p>The hotel chain has recently carried out a complete renovation of his Costa del Sol Hotel, and has trusted us to install the shade canopies to cover the parking lot.<\/p>\n<p>The key was to combine the new and renovated image of the hotel with an aesthetic and modern parking canopy. For that purpose, we suggested shade canopies, more elegant and appropriate for this project.<\/p>\n<p>We have installed 35 parking spots for vehicles as well as an area with two tents for motorbike parking.<\/p>\n<p>We installed shade canopies in dark grey. The spans are galvanized and then painted in RAL 7016.<\/p>\n<p>The structures have been fixed to the concrete slab through chemical anchors.<\/p>\n<p>This project exemplifies how our tensile canopies are the ideal solution to give your business a more attractive and original appearance.<\/p>\n<p>The innovative textile architecture is ideal for multiple applications and has the most modern designs in the industry.<\/p>\n<p>Shade canopies guarantee perfect aesthetic harmony without neglecting the safety and quality of the materials, which makes them the most complete solution on the market.<\/p>\n<p>Shade canopy structures are modular, that is to say, they can perfectly adapt to the geometry of the place.<\/p>\n<p>The structures of the textile covers are modular, that is, they can be perfectly adapted to the geometry of the place.<\/p>\n<p>Beyond their usage as parking shelters, tensile canopies have multiple applications. They can be used to create shade areas in terraces and gardens, waiting areas&#8230;<\/p>\n<p>&nbsp;<\/p>\n","protected":false},"excerpt":{"rendered":"<p>Europa Prefabri carried a new shade canopy project for Meli\u00e1 Costa del Sol The hotel chain Meli\u00e1 has relied on the Group Europa Prefabri to carry out the installation of tensile canopies at the emblematic hotel Meli\u00e1 Costa del Sol, in M\u00e1laga. The hotel chain has recently carried out a complete renovation of his Costa [&hellip;]<\/p>\n","protected":false},"author":4,"featured_media":21839,"comment_status":"closed","ping_status":"closed","sticky":false,"template":"","format":"gallery","meta":{"footnotes":""},"categories":[411],"tags":[],"class_list":["post-23177","post","type-post","status-publish","format-gallery","has-post-thumbnail","hentry","category-noticias-en","post_format-post-format-gallery"],"yoast_head":"<!-- This site is optimized with the Yoast SEO plugin v27.5 - https:\/\/yoast.com\/product\/yoast-seo-wordpress\/ -->\n<title>Shade canopies installation at Meli\u00e1 Costa del Sol Hotel<\/title>\n<meta name=\"description\" content=\"The hotel chain Meli\u00e1 has relied on the Group Europa Prefabri to carry out the installation of shade canopies at the emblematic hotel Meli\u00e1 Costa del Sol, in M\u00e1laga.\" \/>\n<meta name=\"robots\" content=\"index, follow, max-snippet:-1, max-image-preview:large, max-video-preview:-1\" \/>\n<link rel=\"canonical\" href=\"https:\/\/www.europa-prefabri.com\/en\/melia-hoteles-also-relies-on-europa-prefabri\/\" \/>\n<meta property=\"og:locale\" content=\"en_US\" \/>\n<meta property=\"og:type\" content=\"article\" \/>\n<meta property=\"og:title\" content=\"Shade canopies installation at Meli\u00e1 Costa del Sol Hotel\" \/>\n<meta property=\"og:description\" content=\"The hotel chain Meli\u00e1 has relied on the Group Europa Prefabri to carry out the installation of shade canopies at the emblematic hotel Meli\u00e1 Costa del Sol, in M\u00e1laga.\" \/>\n<meta property=\"og:url\" content=\"https:\/\/www.europa-prefabri.com\/en\/melia-hoteles-also-relies-on-europa-prefabri\/\" \/>\n<meta property=\"og:site_name\" content=\"Europa Prefabri | Alquiler y venta de construcciones modulares\" \/>\n<meta property=\"article:publisher\" content=\"https:\/\/www.facebook.com\/Europa-Prefabri-258328977572213\/\" \/>\n<meta property=\"article:published_time\" content=\"2018-11-28T10:39:21+00:00\" \/>\n<meta property=\"article:modified_time\" content=\"2018-11-28T10:43:59+00:00\" \/>\n<meta property=\"og:image\" content=\"https:\/\/www.europa-prefabri.com\/wp-content\/uploads\/marquesina-parking-1.jpg\" \/>\n\t<meta property=\"og:image:width\" content=\"750\" \/>\n\t<meta property=\"og:image:height\" content=\"950\" \/>\n\t<meta property=\"og:image:type\" content=\"image\/jpeg\" \/>\n<meta name=\"author\" content=\"admin\" \/>\n<meta name=\"twitter:card\" content=\"summary_large_image\" \/>\n<meta name=\"twitter:creator\" content=\"@EuropaPrefabri\" \/>\n<meta name=\"twitter:site\" content=\"@EuropaPrefabri\" \/>\n<meta name=\"twitter:label1\" content=\"Written by\" \/>\n\t<meta name=\"twitter:data1\" content=\"admin\" \/>\n\t<meta name=\"twitter:label2\" content=\"Est. reading time\" \/>\n\t<meta name=\"twitter:data2\" content=\"1 minute\" \/>\n<script type=\"application\/ld+json\" class=\"yoast-schema-graph\">{\"@context\":\"https:\\\/\\\/schema.org\",\"@graph\":[{\"@type\":\"Article\",\"@id\":\"https:\\\/\\\/www.europa-prefabri.com\\\/en\\\/melia-hoteles-also-relies-on-europa-prefabri\\\/#article\",\"isPartOf\":{\"@id\":\"https:\\\/\\\/www.europa-prefabri.com\\\/en\\\/melia-hoteles-also-relies-on-europa-prefabri\\\/\"},\"author\":{\"name\":\"admin\",\"@id\":\"https:\\\/\\\/www.europa-prefabri.com\\\/#\\\/schema\\\/person\\\/2ab6be5821a7026cd8f16d2a9411e86e\"},\"headline\":\"MELI\u00c1 HOTELES ALSO RELIES ON EUROPA PREFABRI\",\"datePublished\":\"2018-11-28T10:39:21+00:00\",\"dateModified\":\"2018-11-28T10:43:59+00:00\",\"mainEntityOfPage\":{\"@id\":\"https:\\\/\\\/www.europa-prefabri.com\\\/en\\\/melia-hoteles-also-relies-on-europa-prefabri\\\/\"},\"wordCount\":293,\"publisher\":{\"@id\":\"https:\\\/\\\/www.europa-prefabri.com\\\/#organization\"},\"image\":{\"@id\":\"https:\\\/\\\/www.europa-prefabri.com\\\/en\\\/melia-hoteles-also-relies-on-europa-prefabri\\\/#primaryimage\"},\"thumbnailUrl\":\"https:\\\/\\\/www.europa-prefabri.com\\\/wp-content\\\/uploads\\\/marquesina-parking-1.jpg\",\"articleSection\":[\"Noticias\"],\"inLanguage\":\"en-US\"},{\"@type\":\"WebPage\",\"@id\":\"https:\\\/\\\/www.europa-prefabri.com\\\/en\\\/melia-hoteles-also-relies-on-europa-prefabri\\\/\",\"url\":\"https:\\\/\\\/www.europa-prefabri.com\\\/en\\\/melia-hoteles-also-relies-on-europa-prefabri\\\/\",\"name\":\"Shade canopies installation at Meli\u00e1 Costa del Sol Hotel\",\"isPartOf\":{\"@id\":\"https:\\\/\\\/www.europa-prefabri.com\\\/#website\"},\"primaryImageOfPage\":{\"@id\":\"https:\\\/\\\/www.europa-prefabri.com\\\/en\\\/melia-hoteles-also-relies-on-europa-prefabri\\\/#primaryimage\"},\"image\":{\"@id\":\"https:\\\/\\\/www.europa-prefabri.com\\\/en\\\/melia-hoteles-also-relies-on-europa-prefabri\\\/#primaryimage\"},\"thumbnailUrl\":\"https:\\\/\\\/www.europa-prefabri.com\\\/wp-content\\\/uploads\\\/marquesina-parking-1.jpg\",\"datePublished\":\"2018-11-28T10:39:21+00:00\",\"dateModified\":\"2018-11-28T10:43:59+00:00\",\"description\":\"The hotel chain Meli\u00e1 has relied on the Group Europa Prefabri to carry out the installation of shade canopies at the emblematic hotel Meli\u00e1 Costa del Sol, in M\u00e1laga.\",\"breadcrumb\":{\"@id\":\"https:\\\/\\\/www.europa-prefabri.com\\\/en\\\/melia-hoteles-also-relies-on-europa-prefabri\\\/#breadcrumb\"},\"inLanguage\":\"en-US\",\"potentialAction\":[{\"@type\":\"ReadAction\",\"target\":[\"https:\\\/\\\/www.europa-prefabri.com\\\/en\\\/melia-hoteles-also-relies-on-europa-prefabri\\\/\"]}]},{\"@type\":\"ImageObject\",\"inLanguage\":\"en-US\",\"@id\":\"https:\\\/\\\/www.europa-prefabri.com\\\/en\\\/melia-hoteles-also-relies-on-europa-prefabri\\\/#primaryimage\",\"url\":\"https:\\\/\\\/www.europa-prefabri.com\\\/wp-content\\\/uploads\\\/marquesina-parking-1.jpg\",\"contentUrl\":\"https:\\\/\\\/www.europa-prefabri.com\\\/wp-content\\\/uploads\\\/marquesina-parking-1.jpg\",\"width\":750,\"height\":950,\"caption\":\"marquesina-textil-aparcamiento\"},{\"@type\":\"BreadcrumbList\",\"@id\":\"https:\\\/\\\/www.europa-prefabri.com\\\/en\\\/melia-hoteles-also-relies-on-europa-prefabri\\\/#breadcrumb\",\"itemListElement\":[{\"@type\":\"ListItem\",\"position\":1,\"name\":\"Portada\",\"item\":\"https:\\\/\\\/www.europa-prefabri.com\\\/\"},{\"@type\":\"ListItem\",\"position\":2,\"name\":\"MELI\u00c1 HOTELES ALSO RELIES ON EUROPA PREFABRI\"}]},{\"@type\":\"WebSite\",\"@id\":\"https:\\\/\\\/www.europa-prefabri.com\\\/#website\",\"url\":\"https:\\\/\\\/www.europa-prefabri.com\\\/\",\"name\":\"Europa Prefabri | Alquiler y venta de construcciones modulares\",\"description\":\"Alquiler y venta de construcciones modulares, casetas de obra, marquesinas de aparcamiento y vallas y cerramientos.\",\"publisher\":{\"@id\":\"https:\\\/\\\/www.europa-prefabri.com\\\/#organization\"},\"potentialAction\":[{\"@type\":\"SearchAction\",\"target\":{\"@type\":\"EntryPoint\",\"urlTemplate\":\"https:\\\/\\\/www.europa-prefabri.com\\\/?s={search_term_string}\"},\"query-input\":{\"@type\":\"PropertyValueSpecification\",\"valueRequired\":true,\"valueName\":\"search_term_string\"}}],\"inLanguage\":\"en-US\"},{\"@type\":\"Organization\",\"@id\":\"https:\\\/\\\/www.europa-prefabri.com\\\/#organization\",\"name\":\"Prefabri S.L.\",\"url\":\"https:\\\/\\\/www.europa-prefabri.com\\\/\",\"logo\":{\"@type\":\"ImageObject\",\"inLanguage\":\"en-US\",\"@id\":\"https:\\\/\\\/www.europa-prefabri.com\\\/#\\\/schema\\\/logo\\\/image\\\/\",\"url\":\"https:\\\/\\\/www.europa-prefabri.com\\\/wp-content\\\/uploads\\\/EuropaPrefabri-Logo.jpg\",\"contentUrl\":\"https:\\\/\\\/www.europa-prefabri.com\\\/wp-content\\\/uploads\\\/EuropaPrefabri-Logo.jpg\",\"width\":752,\"height\":348,\"caption\":\"Prefabri S.L.\"},\"image\":{\"@id\":\"https:\\\/\\\/www.europa-prefabri.com\\\/#\\\/schema\\\/logo\\\/image\\\/\"},\"sameAs\":[\"https:\\\/\\\/www.facebook.com\\\/Europa-Prefabri-258328977572213\\\/\",\"https:\\\/\\\/x.com\\\/EuropaPrefabri\",\"https:\\\/\\\/www.instagram.com\\\/europaprefabri\\\/\",\"https:\\\/\\\/es.linkedin.com\\\/company\\\/europa-prefabri\",\"https:\\\/\\\/es.pinterest.com\\\/europaprefabri\\\/\",\"https:\\\/\\\/www.youtube.com\\\/user\\\/PrefabriSL\"]},{\"@type\":\"Person\",\"@id\":\"https:\\\/\\\/www.europa-prefabri.com\\\/#\\\/schema\\\/person\\\/2ab6be5821a7026cd8f16d2a9411e86e\",\"name\":\"admin\",\"image\":{\"@type\":\"ImageObject\",\"inLanguage\":\"en-US\",\"@id\":\"https:\\\/\\\/secure.gravatar.com\\\/avatar\\\/dc55d3f4b941a1510eef2620b2c166513788bd88ef72341333b6d0a859bacd3c?s=96&d=mm&r=g\",\"url\":\"https:\\\/\\\/secure.gravatar.com\\\/avatar\\\/dc55d3f4b941a1510eef2620b2c166513788bd88ef72341333b6d0a859bacd3c?s=96&d=mm&r=g\",\"contentUrl\":\"https:\\\/\\\/secure.gravatar.com\\\/avatar\\\/dc55d3f4b941a1510eef2620b2c166513788bd88ef72341333b6d0a859bacd3c?s=96&d=mm&r=g\",\"caption\":\"admin\"},\"sameAs\":[\"https:\\\/\\\/www.europa-prefabri.com\",\"https:\\\/\\\/x.com\\\/@EuropaPrefabri\"]}]}<\/script>\n<!-- \/ Yoast SEO plugin. -->","yoast_head_json":{"title":"Shade canopies installation at Meli\u00e1 Costa del Sol Hotel","description":"The hotel chain Meli\u00e1 has relied on the Group Europa Prefabri to carry out the installation of shade canopies at the emblematic hotel Meli\u00e1 Costa del Sol, in M\u00e1laga.","robots":{"index":"index","follow":"follow","max-snippet":"max-snippet:-1","max-image-preview":"max-image-preview:large","max-video-preview":"max-video-preview:-1"},"canonical":"https:\/\/www.europa-prefabri.com\/en\/melia-hoteles-also-relies-on-europa-prefabri\/","og_locale":"en_US","og_type":"article","og_title":"Shade canopies installation at Meli\u00e1 Costa del Sol Hotel","og_description":"The hotel chain Meli\u00e1 has relied on the Group Europa Prefabri to carry out the installation of shade canopies at the emblematic hotel Meli\u00e1 Costa del Sol, in M\u00e1laga.","og_url":"https:\/\/www.europa-prefabri.com\/en\/melia-hoteles-also-relies-on-europa-prefabri\/","og_site_name":"Europa Prefabri | Alquiler y venta de construcciones modulares","article_publisher":"https:\/\/www.facebook.com\/Europa-Prefabri-258328977572213\/","article_published_time":"2018-11-28T10:39:21+00:00","article_modified_time":"2018-11-28T10:43:59+00:00","og_image":[{"width":750,"height":950,"url":"https:\/\/www.europa-prefabri.com\/wp-content\/uploads\/marquesina-parking-1.jpg","type":"image\/jpeg"}],"author":"admin","twitter_card":"summary_large_image","twitter_creator":"@EuropaPrefabri","twitter_site":"@EuropaPrefabri","twitter_misc":{"Written by":"admin","Est. reading time":"1 minute"},"schema":{"@context":"https:\/\/schema.org","@graph":[{"@type":"Article","@id":"https:\/\/www.europa-prefabri.com\/en\/melia-hoteles-also-relies-on-europa-prefabri\/#article","isPartOf":{"@id":"https:\/\/www.europa-prefabri.com\/en\/melia-hoteles-also-relies-on-europa-prefabri\/"},"author":{"name":"admin","@id":"https:\/\/www.europa-prefabri.com\/#\/schema\/person\/2ab6be5821a7026cd8f16d2a9411e86e"},"headline":"MELI\u00c1 HOTELES ALSO RELIES ON EUROPA PREFABRI","datePublished":"2018-11-28T10:39:21+00:00","dateModified":"2018-11-28T10:43:59+00:00","mainEntityOfPage":{"@id":"https:\/\/www.europa-prefabri.com\/en\/melia-hoteles-also-relies-on-europa-prefabri\/"},"wordCount":293,"publisher":{"@id":"https:\/\/www.europa-prefabri.com\/#organization"},"image":{"@id":"https:\/\/www.europa-prefabri.com\/en\/melia-hoteles-also-relies-on-europa-prefabri\/#primaryimage"},"thumbnailUrl":"https:\/\/www.europa-prefabri.com\/wp-content\/uploads\/marquesina-parking-1.jpg","articleSection":["Noticias"],"inLanguage":"en-US"},{"@type":"WebPage","@id":"https:\/\/www.europa-prefabri.com\/en\/melia-hoteles-also-relies-on-europa-prefabri\/","url":"https:\/\/www.europa-prefabri.com\/en\/melia-hoteles-also-relies-on-europa-prefabri\/","name":"Shade canopies installation at Meli\u00e1 Costa del Sol Hotel","isPartOf":{"@id":"https:\/\/www.europa-prefabri.com\/#website"},"primaryImageOfPage":{"@id":"https:\/\/www.europa-prefabri.com\/en\/melia-hoteles-also-relies-on-europa-prefabri\/#primaryimage"},"image":{"@id":"https:\/\/www.europa-prefabri.com\/en\/melia-hoteles-also-relies-on-europa-prefabri\/#primaryimage"},"thumbnailUrl":"https:\/\/www.europa-prefabri.com\/wp-content\/uploads\/marquesina-parking-1.jpg","datePublished":"2018-11-28T10:39:21+00:00","dateModified":"2018-11-28T10:43:59+00:00","description":"The hotel chain Meli\u00e1 has relied on the Group Europa Prefabri to carry out the installation of shade canopies at the emblematic hotel Meli\u00e1 Costa del Sol, in M\u00e1laga.","breadcrumb":{"@id":"https:\/\/www.europa-prefabri.com\/en\/melia-hoteles-also-relies-on-europa-prefabri\/#breadcrumb"},"inLanguage":"en-US","potentialAction":[{"@type":"ReadAction","target":["https:\/\/www.europa-prefabri.com\/en\/melia-hoteles-also-relies-on-europa-prefabri\/"]}]},{"@type":"ImageObject","inLanguage":"en-US","@id":"https:\/\/www.europa-prefabri.com\/en\/melia-hoteles-also-relies-on-europa-prefabri\/#primaryimage","url":"https:\/\/www.europa-prefabri.com\/wp-content\/uploads\/marquesina-parking-1.jpg","contentUrl":"https:\/\/www.europa-prefabri.com\/wp-content\/uploads\/marquesina-parking-1.jpg","width":750,"height":950,"caption":"marquesina-textil-aparcamiento"},{"@type":"BreadcrumbList","@id":"https:\/\/www.europa-prefabri.com\/en\/melia-hoteles-also-relies-on-europa-prefabri\/#breadcrumb","itemListElement":[{"@type":"ListItem","position":1,"name":"Portada","item":"https:\/\/www.europa-prefabri.com\/"},{"@type":"ListItem","position":2,"name":"MELI\u00c1 HOTELES ALSO RELIES ON EUROPA PREFABRI"}]},{"@type":"WebSite","@id":"https:\/\/www.europa-prefabri.com\/#website","url":"https:\/\/www.europa-prefabri.com\/","name":"Europa Prefabri | Alquiler y venta de construcciones modulares","description":"Alquiler y venta de construcciones modulares, casetas de obra, marquesinas de aparcamiento y vallas y cerramientos.","publisher":{"@id":"https:\/\/www.europa-prefabri.com\/#organization"},"potentialAction":[{"@type":"SearchAction","target":{"@type":"EntryPoint","urlTemplate":"https:\/\/www.europa-prefabri.com\/?s={search_term_string}"},"query-input":{"@type":"PropertyValueSpecification","valueRequired":true,"valueName":"search_term_string"}}],"inLanguage":"en-US"},{"@type":"Organization","@id":"https:\/\/www.europa-prefabri.com\/#organization","name":"Prefabri S.L.","url":"https:\/\/www.europa-prefabri.com\/","logo":{"@type":"ImageObject","inLanguage":"en-US","@id":"https:\/\/www.europa-prefabri.com\/#\/schema\/logo\/image\/","url":"https:\/\/www.europa-prefabri.com\/wp-content\/uploads\/EuropaPrefabri-Logo.jpg","contentUrl":"https:\/\/www.europa-prefabri.com\/wp-content\/uploads\/EuropaPrefabri-Logo.jpg","width":752,"height":348,"caption":"Prefabri S.L."},"image":{"@id":"https:\/\/www.europa-prefabri.com\/#\/schema\/logo\/image\/"},"sameAs":["https:\/\/www.facebook.com\/Europa-Prefabri-258328977572213\/","https:\/\/x.com\/EuropaPrefabri","https:\/\/www.instagram.com\/europaprefabri\/","https:\/\/es.linkedin.com\/company\/europa-prefabri","https:\/\/es.pinterest.com\/europaprefabri\/","https:\/\/www.youtube.com\/user\/PrefabriSL"]},{"@type":"Person","@id":"https:\/\/www.europa-prefabri.com\/#\/schema\/person\/2ab6be5821a7026cd8f16d2a9411e86e","name":"admin","image":{"@type":"ImageObject","inLanguage":"en-US","@id":"https:\/\/secure.gravatar.com\/avatar\/dc55d3f4b941a1510eef2620b2c166513788bd88ef72341333b6d0a859bacd3c?s=96&d=mm&r=g","url":"https:\/\/secure.gravatar.com\/avatar\/dc55d3f4b941a1510eef2620b2c166513788bd88ef72341333b6d0a859bacd3c?s=96&d=mm&r=g","contentUrl":"https:\/\/secure.gravatar.com\/avatar\/dc55d3f4b941a1510eef2620b2c166513788bd88ef72341333b6d0a859bacd3c?s=96&d=mm&r=g","caption":"admin"},"sameAs":["https:\/\/www.europa-prefabri.com","https:\/\/x.com\/@EuropaPrefabri"]}]}},"_links":{"self":[{"href":"https:\/\/www.europa-prefabri.com\/en\/wp-json\/wp\/v2\/posts\/23177","targetHints":{"allow":["GET"]}}],"collection":[{"href":"https:\/\/www.europa-prefabri.com\/en\/wp-json\/wp\/v2\/posts"}],"about":[{"href":"https:\/\/www.europa-prefabri.com\/en\/wp-json\/wp\/v2\/types\/post"}],"author":[{"embeddable":true,"href":"https:\/\/www.europa-prefabri.com\/en\/wp-json\/wp\/v2\/users\/4"}],"replies":[{"embeddable":true,"href":"https:\/\/www.europa-prefabri.com\/en\/wp-json\/wp\/v2\/comments?post=23177"}],"version-history":[{"count":0,"href":"https:\/\/www.europa-prefabri.com\/en\/wp-json\/wp\/v2\/posts\/23177\/revisions"}],"wp:featuredmedia":[{"embeddable":true,"href":"https:\/\/www.europa-prefabri.com\/en\/wp-json\/wp\/v2\/media\/21839"}],"wp:attachment":[{"href":"https:\/\/www.europa-prefabri.com\/en\/wp-json\/wp\/v2\/media?parent=23177"}],"wp:term":[{"taxonomy":"category","embeddable":true,"href":"https:\/\/www.europa-prefabri.com\/en\/wp-json\/wp\/v2\/categories?post=23177"},{"taxonomy":"post_tag","embeddable":true,"href":"https:\/\/www.europa-prefabri.com\/en\/wp-json\/wp\/v2\/tags?post=23177"}],"curies":[{"name":"wp","href":"https:\/\/api.w.org\/{rel}","templated":true}]}}