{"id":20552,"date":"2018-02-23T13:32:31","date_gmt":"2018-02-23T12:32:31","guid":{"rendered":"http:\/\/www.europa-prefabri.com\/europa-prefabri-vuelve-participar-en-el-festival-de-vina-rock\/"},"modified":"2018-05-28T12:48:43","modified_gmt":"2018-05-28T10:48:43","slug":"portable-cabins-vina-rock","status":"publish","type":"post","link":"https:\/\/www.europa-prefabri.com\/en\/portable-cabins-vina-rock\/","title":{"rendered":"Europa Prefabri takes part in Vi\u00f1a Rock Music Festival with its portable cabins once again"},"content":{"rendered":"<p>Once again, the organizers of Vi\u00f1a Rock music festival trust us to supply the portable cabins and prefabricated modules needed for the successful development of the event.<\/p>\n<h2><strong>Europa Prefabri supplies portable cabins for Vi\u00f1a Rock music festival<\/strong><\/h2>\n<p><img loading=\"lazy\" decoding=\"async\" class=\"aligncenter wp-image-15941 size-full\" src=\"http:\/\/www.europa-prefabri.com\/wp-content\/uploads\/vinarock-2017-modulo-evento.jpg\" alt=\"portable cabins\" width=\"800\" height=\"600\" \/><\/p>\n<p>Europa Prefabri Group will provide the organizers portable cabins, modules, dressing rooms, portable fences and barriers, prefab offices, warehouses, mobile nursing cabins, guard cabins, production cabins, press modules, food trucks, and modules for merchandising selling.<\/p>\n<p>The versatility of the modular construction allows our modules and portable cabins to have endless uses and to adapt to any specific upcoming need.<\/p>\n<h3><strong>Vi\u00f1arock 2018<\/strong><\/h3>\n<p>This will be de sixth consecutive edition of <a href=\"https:\/\/www.vina-rock.com\/\">Vi\u00f1a Rock music festival<\/a> in which we participate. This year, the music festival is going to take place on 28, 29 and 30 April.<\/p>\n<p>The Vi\u00f1a Rock 2018 festival will feature artists such as Soziedad Alkoholika, Muchachito Bombo Infierno, Boikot, La Ra\u00edz, Juanito Makand\u00e9, El Canijo de Jerez, Kaotiko, Def Con Dos, Auxili, Natos y Waor, SFDK, Kidd Keo, Morodo, Dubioza kolektiv, Stravaganzza, Warcry, El \u00daltimo Ke Zierre, Hamlet, Sho Hai, La Pegatina, Narco, Txarango, Medina Azahara\u2026<\/p>\n<h2><strong>Other editions of Vi\u00f1a Rock music festival<\/strong><\/h2>\n<p>The organization of the festival has communicated that Vi\u00f1a Rock 2017 generated an economic impact of more than 17 million euros both at Villarrobledo and the province of Albacete and created more than 1500 jobs both directly a\/?p=3926nd indirectly.<\/p>\n<p>If you want to see our participation in past editions, you can read the articles of <strong>Vi\u00f1a Rock 2013, Vi\u00f1a Rock 2014<\/strong>, <strong>Vi\u00f1a Rock 2015<\/strong>, <strong>Vi\u00f1a Rock 2016<\/strong> and <strong>Vi\u00f1a Rock 2017<\/strong>.<\/p>\n","protected":false},"excerpt":{"rendered":"<p>Once again, the organizers of Vi\u00f1a Rock music festival trust us to supply the portable cabins and prefabricated modules needed for the successful development of the event. Europa Prefabri supplies portable cabins for Vi\u00f1a Rock music festival Europa Prefabri Group will provide the organizers portable cabins, modules, dressing rooms, portable fences and barriers, prefab offices, [&hellip;]<\/p>\n","protected":false},"author":4,"featured_media":20121,"comment_status":"closed","ping_status":"closed","sticky":false,"template":"","format":"standard","meta":{"footnotes":""},"categories":[411,170],"tags":[171,247,453],"class_list":["post-20552","post","type-post","status-publish","format-standard","has-post-thumbnail","hentry","category-noticias-en","category-projects","tag-events","tag-festivales-en","tag-modulos-prefabricados-en"],"yoast_head":"<!-- This site is optimized with the Yoast SEO plugin v27.5 - https:\/\/yoast.com\/product\/yoast-seo-wordpress\/ -->\n<title>Europa Prefabri takes part in Vi\u00f1a Rock with its portable cabins<\/title>\n<meta name=\"description\" content=\"Once again, the organizers of Vi\u00f1a Rock music festival trust us to supply the portable cabins and prefabricated modules needed for the successful development of the event.\" \/>\n<meta name=\"robots\" content=\"index, follow, max-snippet:-1, max-image-preview:large, max-video-preview:-1\" \/>\n<link rel=\"canonical\" href=\"https:\/\/www.europa-prefabri.com\/en\/portable-cabins-vina-rock\/\" \/>\n<meta property=\"og:locale\" content=\"en_US\" \/>\n<meta property=\"og:type\" content=\"article\" \/>\n<meta property=\"og:title\" content=\"Europa Prefabri takes part in Vi\u00f1a Rock with its portable cabins\" \/>\n<meta property=\"og:description\" content=\"Once again, the organizers of Vi\u00f1a Rock music festival trust us to supply the portable cabins and prefabricated modules needed for the successful development of the event.\" \/>\n<meta property=\"og:url\" content=\"https:\/\/www.europa-prefabri.com\/en\/portable-cabins-vina-rock\/\" \/>\n<meta property=\"og:site_name\" content=\"Europa Prefabri | Alquiler y venta de construcciones modulares\" \/>\n<meta property=\"article:publisher\" content=\"https:\/\/www.facebook.com\/Europa-Prefabri-258328977572213\/\" \/>\n<meta property=\"article:published_time\" content=\"2018-02-23T12:32:31+00:00\" \/>\n<meta property=\"article:modified_time\" content=\"2018-05-28T10:48:43+00:00\" \/>\n<meta property=\"og:image\" content=\"https:\/\/www.europa-prefabri.com\/wp-content\/uploads\/vi\u00f1a-rock-2018.jpg\" \/>\n\t<meta property=\"og:image:width\" content=\"800\" \/>\n\t<meta property=\"og:image:height\" content=\"600\" \/>\n\t<meta property=\"og:image:type\" content=\"image\/jpeg\" \/>\n<meta name=\"author\" content=\"admin\" \/>\n<meta name=\"twitter:card\" content=\"summary_large_image\" \/>\n<meta name=\"twitter:creator\" content=\"@EuropaPrefabri\" \/>\n<meta name=\"twitter:site\" content=\"@EuropaPrefabri\" \/>\n<meta name=\"twitter:label1\" content=\"Written by\" \/>\n\t<meta name=\"twitter:data1\" content=\"admin\" \/>\n\t<meta name=\"twitter:label2\" content=\"Est. reading time\" \/>\n\t<meta name=\"twitter:data2\" content=\"1 minute\" \/>\n<script type=\"application\/ld+json\" class=\"yoast-schema-graph\">{\"@context\":\"https:\\\/\\\/schema.org\",\"@graph\":[{\"@type\":\"Article\",\"@id\":\"https:\\\/\\\/www.europa-prefabri.com\\\/en\\\/portable-cabins-vina-rock\\\/#article\",\"isPartOf\":{\"@id\":\"https:\\\/\\\/www.europa-prefabri.com\\\/en\\\/portable-cabins-vina-rock\\\/\"},\"author\":{\"name\":\"admin\",\"@id\":\"https:\\\/\\\/www.europa-prefabri.com\\\/#\\\/schema\\\/person\\\/2ab6be5821a7026cd8f16d2a9411e86e\"},\"headline\":\"Europa Prefabri takes part in Vi\u00f1a Rock Music Festival with its portable cabins once again\",\"datePublished\":\"2018-02-23T12:32:31+00:00\",\"dateModified\":\"2018-05-28T10:48:43+00:00\",\"mainEntityOfPage\":{\"@id\":\"https:\\\/\\\/www.europa-prefabri.com\\\/en\\\/portable-cabins-vina-rock\\\/\"},\"wordCount\":279,\"publisher\":{\"@id\":\"https:\\\/\\\/www.europa-prefabri.com\\\/#organization\"},\"image\":{\"@id\":\"https:\\\/\\\/www.europa-prefabri.com\\\/en\\\/portable-cabins-vina-rock\\\/#primaryimage\"},\"thumbnailUrl\":\"https:\\\/\\\/www.europa-prefabri.com\\\/wp-content\\\/uploads\\\/vi\u00f1a-rock-2018.jpg\",\"keywords\":[\"EVENTS\",\"FESTIVALES\",\"MODULOS PREFABRICADOS\"],\"articleSection\":[\"Noticias\",\"Projects\"],\"inLanguage\":\"en-US\"},{\"@type\":\"WebPage\",\"@id\":\"https:\\\/\\\/www.europa-prefabri.com\\\/en\\\/portable-cabins-vina-rock\\\/\",\"url\":\"https:\\\/\\\/www.europa-prefabri.com\\\/en\\\/portable-cabins-vina-rock\\\/\",\"name\":\"Europa Prefabri takes part in Vi\u00f1a Rock with its portable cabins\",\"isPartOf\":{\"@id\":\"https:\\\/\\\/www.europa-prefabri.com\\\/#website\"},\"primaryImageOfPage\":{\"@id\":\"https:\\\/\\\/www.europa-prefabri.com\\\/en\\\/portable-cabins-vina-rock\\\/#primaryimage\"},\"image\":{\"@id\":\"https:\\\/\\\/www.europa-prefabri.com\\\/en\\\/portable-cabins-vina-rock\\\/#primaryimage\"},\"thumbnailUrl\":\"https:\\\/\\\/www.europa-prefabri.com\\\/wp-content\\\/uploads\\\/vi\u00f1a-rock-2018.jpg\",\"datePublished\":\"2018-02-23T12:32:31+00:00\",\"dateModified\":\"2018-05-28T10:48:43+00:00\",\"description\":\"Once again, the organizers of Vi\u00f1a Rock music festival trust us to supply the portable cabins and prefabricated modules needed for the successful development of the event.\",\"breadcrumb\":{\"@id\":\"https:\\\/\\\/www.europa-prefabri.com\\\/en\\\/portable-cabins-vina-rock\\\/#breadcrumb\"},\"inLanguage\":\"en-US\",\"potentialAction\":[{\"@type\":\"ReadAction\",\"target\":[\"https:\\\/\\\/www.europa-prefabri.com\\\/en\\\/portable-cabins-vina-rock\\\/\"]}]},{\"@type\":\"ImageObject\",\"inLanguage\":\"en-US\",\"@id\":\"https:\\\/\\\/www.europa-prefabri.com\\\/en\\\/portable-cabins-vina-rock\\\/#primaryimage\",\"url\":\"https:\\\/\\\/www.europa-prefabri.com\\\/wp-content\\\/uploads\\\/vi\u00f1a-rock-2018.jpg\",\"contentUrl\":\"https:\\\/\\\/www.europa-prefabri.com\\\/wp-content\\\/uploads\\\/vi\u00f1a-rock-2018.jpg\",\"width\":800,\"height\":600,\"caption\":\"festival de vi\u00f1a rock 2018\"},{\"@type\":\"BreadcrumbList\",\"@id\":\"https:\\\/\\\/www.europa-prefabri.com\\\/en\\\/portable-cabins-vina-rock\\\/#breadcrumb\",\"itemListElement\":[{\"@type\":\"ListItem\",\"position\":1,\"name\":\"Portada\",\"item\":\"https:\\\/\\\/www.europa-prefabri.com\\\/\"},{\"@type\":\"ListItem\",\"position\":2,\"name\":\"Europa Prefabri takes part in Vi\u00f1a Rock Music Festival with its portable cabins once again\"}]},{\"@type\":\"WebSite\",\"@id\":\"https:\\\/\\\/www.europa-prefabri.com\\\/#website\",\"url\":\"https:\\\/\\\/www.europa-prefabri.com\\\/\",\"name\":\"Europa Prefabri | Alquiler y venta de construcciones modulares\",\"description\":\"Alquiler y venta de construcciones modulares, casetas de obra, marquesinas de aparcamiento y vallas y cerramientos.\",\"publisher\":{\"@id\":\"https:\\\/\\\/www.europa-prefabri.com\\\/#organization\"},\"potentialAction\":[{\"@type\":\"SearchAction\",\"target\":{\"@type\":\"EntryPoint\",\"urlTemplate\":\"https:\\\/\\\/www.europa-prefabri.com\\\/?s={search_term_string}\"},\"query-input\":{\"@type\":\"PropertyValueSpecification\",\"valueRequired\":true,\"valueName\":\"search_term_string\"}}],\"inLanguage\":\"en-US\"},{\"@type\":\"Organization\",\"@id\":\"https:\\\/\\\/www.europa-prefabri.com\\\/#organization\",\"name\":\"Prefabri S.L.\",\"url\":\"https:\\\/\\\/www.europa-prefabri.com\\\/\",\"logo\":{\"@type\":\"ImageObject\",\"inLanguage\":\"en-US\",\"@id\":\"https:\\\/\\\/www.europa-prefabri.com\\\/#\\\/schema\\\/logo\\\/image\\\/\",\"url\":\"https:\\\/\\\/www.europa-prefabri.com\\\/wp-content\\\/uploads\\\/EuropaPrefabri-Logo.jpg\",\"contentUrl\":\"https:\\\/\\\/www.europa-prefabri.com\\\/wp-content\\\/uploads\\\/EuropaPrefabri-Logo.jpg\",\"width\":752,\"height\":348,\"caption\":\"Prefabri S.L.\"},\"image\":{\"@id\":\"https:\\\/\\\/www.europa-prefabri.com\\\/#\\\/schema\\\/logo\\\/image\\\/\"},\"sameAs\":[\"https:\\\/\\\/www.facebook.com\\\/Europa-Prefabri-258328977572213\\\/\",\"https:\\\/\\\/x.com\\\/EuropaPrefabri\",\"https:\\\/\\\/www.instagram.com\\\/europaprefabri\\\/\",\"https:\\\/\\\/es.linkedin.com\\\/company\\\/europa-prefabri\",\"https:\\\/\\\/es.pinterest.com\\\/europaprefabri\\\/\",\"https:\\\/\\\/www.youtube.com\\\/user\\\/PrefabriSL\"]},{\"@type\":\"Person\",\"@id\":\"https:\\\/\\\/www.europa-prefabri.com\\\/#\\\/schema\\\/person\\\/2ab6be5821a7026cd8f16d2a9411e86e\",\"name\":\"admin\",\"image\":{\"@type\":\"ImageObject\",\"inLanguage\":\"en-US\",\"@id\":\"https:\\\/\\\/secure.gravatar.com\\\/avatar\\\/dc55d3f4b941a1510eef2620b2c166513788bd88ef72341333b6d0a859bacd3c?s=96&d=mm&r=g\",\"url\":\"https:\\\/\\\/secure.gravatar.com\\\/avatar\\\/dc55d3f4b941a1510eef2620b2c166513788bd88ef72341333b6d0a859bacd3c?s=96&d=mm&r=g\",\"contentUrl\":\"https:\\\/\\\/secure.gravatar.com\\\/avatar\\\/dc55d3f4b941a1510eef2620b2c166513788bd88ef72341333b6d0a859bacd3c?s=96&d=mm&r=g\",\"caption\":\"admin\"},\"sameAs\":[\"https:\\\/\\\/www.europa-prefabri.com\",\"https:\\\/\\\/x.com\\\/@EuropaPrefabri\"]}]}<\/script>\n<!-- \/ Yoast SEO plugin. -->","yoast_head_json":{"title":"Europa Prefabri takes part in Vi\u00f1a Rock with its portable cabins","description":"Once again, the organizers of Vi\u00f1a Rock music festival trust us to supply the portable cabins and prefabricated modules needed for the successful development of the event.","robots":{"index":"index","follow":"follow","max-snippet":"max-snippet:-1","max-image-preview":"max-image-preview:large","max-video-preview":"max-video-preview:-1"},"canonical":"https:\/\/www.europa-prefabri.com\/en\/portable-cabins-vina-rock\/","og_locale":"en_US","og_type":"article","og_title":"Europa Prefabri takes part in Vi\u00f1a Rock with its portable cabins","og_description":"Once again, the organizers of Vi\u00f1a Rock music festival trust us to supply the portable cabins and prefabricated modules needed for the successful development of the event.","og_url":"https:\/\/www.europa-prefabri.com\/en\/portable-cabins-vina-rock\/","og_site_name":"Europa Prefabri | Alquiler y venta de construcciones modulares","article_publisher":"https:\/\/www.facebook.com\/Europa-Prefabri-258328977572213\/","article_published_time":"2018-02-23T12:32:31+00:00","article_modified_time":"2018-05-28T10:48:43+00:00","og_image":[{"width":800,"height":600,"url":"https:\/\/www.europa-prefabri.com\/wp-content\/uploads\/vi\u00f1a-rock-2018.jpg","type":"image\/jpeg"}],"author":"admin","twitter_card":"summary_large_image","twitter_creator":"@EuropaPrefabri","twitter_site":"@EuropaPrefabri","twitter_misc":{"Written by":"admin","Est. reading time":"1 minute"},"schema":{"@context":"https:\/\/schema.org","@graph":[{"@type":"Article","@id":"https:\/\/www.europa-prefabri.com\/en\/portable-cabins-vina-rock\/#article","isPartOf":{"@id":"https:\/\/www.europa-prefabri.com\/en\/portable-cabins-vina-rock\/"},"author":{"name":"admin","@id":"https:\/\/www.europa-prefabri.com\/#\/schema\/person\/2ab6be5821a7026cd8f16d2a9411e86e"},"headline":"Europa Prefabri takes part in Vi\u00f1a Rock Music Festival with its portable cabins once again","datePublished":"2018-02-23T12:32:31+00:00","dateModified":"2018-05-28T10:48:43+00:00","mainEntityOfPage":{"@id":"https:\/\/www.europa-prefabri.com\/en\/portable-cabins-vina-rock\/"},"wordCount":279,"publisher":{"@id":"https:\/\/www.europa-prefabri.com\/#organization"},"image":{"@id":"https:\/\/www.europa-prefabri.com\/en\/portable-cabins-vina-rock\/#primaryimage"},"thumbnailUrl":"https:\/\/www.europa-prefabri.com\/wp-content\/uploads\/vi\u00f1a-rock-2018.jpg","keywords":["EVENTS","FESTIVALES","MODULOS PREFABRICADOS"],"articleSection":["Noticias","Projects"],"inLanguage":"en-US"},{"@type":"WebPage","@id":"https:\/\/www.europa-prefabri.com\/en\/portable-cabins-vina-rock\/","url":"https:\/\/www.europa-prefabri.com\/en\/portable-cabins-vina-rock\/","name":"Europa Prefabri takes part in Vi\u00f1a Rock with its portable cabins","isPartOf":{"@id":"https:\/\/www.europa-prefabri.com\/#website"},"primaryImageOfPage":{"@id":"https:\/\/www.europa-prefabri.com\/en\/portable-cabins-vina-rock\/#primaryimage"},"image":{"@id":"https:\/\/www.europa-prefabri.com\/en\/portable-cabins-vina-rock\/#primaryimage"},"thumbnailUrl":"https:\/\/www.europa-prefabri.com\/wp-content\/uploads\/vi\u00f1a-rock-2018.jpg","datePublished":"2018-02-23T12:32:31+00:00","dateModified":"2018-05-28T10:48:43+00:00","description":"Once again, the organizers of Vi\u00f1a Rock music festival trust us to supply the portable cabins and prefabricated modules needed for the successful development of the event.","breadcrumb":{"@id":"https:\/\/www.europa-prefabri.com\/en\/portable-cabins-vina-rock\/#breadcrumb"},"inLanguage":"en-US","potentialAction":[{"@type":"ReadAction","target":["https:\/\/www.europa-prefabri.com\/en\/portable-cabins-vina-rock\/"]}]},{"@type":"ImageObject","inLanguage":"en-US","@id":"https:\/\/www.europa-prefabri.com\/en\/portable-cabins-vina-rock\/#primaryimage","url":"https:\/\/www.europa-prefabri.com\/wp-content\/uploads\/vi\u00f1a-rock-2018.jpg","contentUrl":"https:\/\/www.europa-prefabri.com\/wp-content\/uploads\/vi\u00f1a-rock-2018.jpg","width":800,"height":600,"caption":"festival de vi\u00f1a rock 2018"},{"@type":"BreadcrumbList","@id":"https:\/\/www.europa-prefabri.com\/en\/portable-cabins-vina-rock\/#breadcrumb","itemListElement":[{"@type":"ListItem","position":1,"name":"Portada","item":"https:\/\/www.europa-prefabri.com\/"},{"@type":"ListItem","position":2,"name":"Europa Prefabri takes part in Vi\u00f1a Rock Music Festival with its portable cabins once again"}]},{"@type":"WebSite","@id":"https:\/\/www.europa-prefabri.com\/#website","url":"https:\/\/www.europa-prefabri.com\/","name":"Europa Prefabri | Alquiler y venta de construcciones modulares","description":"Alquiler y venta de construcciones modulares, casetas de obra, marquesinas de aparcamiento y vallas y cerramientos.","publisher":{"@id":"https:\/\/www.europa-prefabri.com\/#organization"},"potentialAction":[{"@type":"SearchAction","target":{"@type":"EntryPoint","urlTemplate":"https:\/\/www.europa-prefabri.com\/?s={search_term_string}"},"query-input":{"@type":"PropertyValueSpecification","valueRequired":true,"valueName":"search_term_string"}}],"inLanguage":"en-US"},{"@type":"Organization","@id":"https:\/\/www.europa-prefabri.com\/#organization","name":"Prefabri S.L.","url":"https:\/\/www.europa-prefabri.com\/","logo":{"@type":"ImageObject","inLanguage":"en-US","@id":"https:\/\/www.europa-prefabri.com\/#\/schema\/logo\/image\/","url":"https:\/\/www.europa-prefabri.com\/wp-content\/uploads\/EuropaPrefabri-Logo.jpg","contentUrl":"https:\/\/www.europa-prefabri.com\/wp-content\/uploads\/EuropaPrefabri-Logo.jpg","width":752,"height":348,"caption":"Prefabri S.L."},"image":{"@id":"https:\/\/www.europa-prefabri.com\/#\/schema\/logo\/image\/"},"sameAs":["https:\/\/www.facebook.com\/Europa-Prefabri-258328977572213\/","https:\/\/x.com\/EuropaPrefabri","https:\/\/www.instagram.com\/europaprefabri\/","https:\/\/es.linkedin.com\/company\/europa-prefabri","https:\/\/es.pinterest.com\/europaprefabri\/","https:\/\/www.youtube.com\/user\/PrefabriSL"]},{"@type":"Person","@id":"https:\/\/www.europa-prefabri.com\/#\/schema\/person\/2ab6be5821a7026cd8f16d2a9411e86e","name":"admin","image":{"@type":"ImageObject","inLanguage":"en-US","@id":"https:\/\/secure.gravatar.com\/avatar\/dc55d3f4b941a1510eef2620b2c166513788bd88ef72341333b6d0a859bacd3c?s=96&d=mm&r=g","url":"https:\/\/secure.gravatar.com\/avatar\/dc55d3f4b941a1510eef2620b2c166513788bd88ef72341333b6d0a859bacd3c?s=96&d=mm&r=g","contentUrl":"https:\/\/secure.gravatar.com\/avatar\/dc55d3f4b941a1510eef2620b2c166513788bd88ef72341333b6d0a859bacd3c?s=96&d=mm&r=g","caption":"admin"},"sameAs":["https:\/\/www.europa-prefabri.com","https:\/\/x.com\/@EuropaPrefabri"]}]}},"_links":{"self":[{"href":"https:\/\/www.europa-prefabri.com\/en\/wp-json\/wp\/v2\/posts\/20552","targetHints":{"allow":["GET"]}}],"collection":[{"href":"https:\/\/www.europa-prefabri.com\/en\/wp-json\/wp\/v2\/posts"}],"about":[{"href":"https:\/\/www.europa-prefabri.com\/en\/wp-json\/wp\/v2\/types\/post"}],"author":[{"embeddable":true,"href":"https:\/\/www.europa-prefabri.com\/en\/wp-json\/wp\/v2\/users\/4"}],"replies":[{"embeddable":true,"href":"https:\/\/www.europa-prefabri.com\/en\/wp-json\/wp\/v2\/comments?post=20552"}],"version-history":[{"count":0,"href":"https:\/\/www.europa-prefabri.com\/en\/wp-json\/wp\/v2\/posts\/20552\/revisions"}],"wp:featuredmedia":[{"embeddable":true,"href":"https:\/\/www.europa-prefabri.com\/en\/wp-json\/wp\/v2\/media\/20121"}],"wp:attachment":[{"href":"https:\/\/www.europa-prefabri.com\/en\/wp-json\/wp\/v2\/media?parent=20552"}],"wp:term":[{"taxonomy":"category","embeddable":true,"href":"https:\/\/www.europa-prefabri.com\/en\/wp-json\/wp\/v2\/categories?post=20552"},{"taxonomy":"post_tag","embeddable":true,"href":"https:\/\/www.europa-prefabri.com\/en\/wp-json\/wp\/v2\/tags?post=20552"}],"curies":[{"name":"wp","href":"https:\/\/api.w.org\/{rel}","templated":true}]}}