{"id":15867,"date":"2017-04-25T13:13:47","date_gmt":"2017-04-25T13:13:47","guid":{"rendered":"http:\/\/www.europa-prefabri.com\/en\/?p=15867"},"modified":"2018-03-28T16:37:28","modified_gmt":"2018-03-28T14:37:28","slug":"advantages-of-portable-toilets","status":"publish","type":"post","link":"https:\/\/www.europa-prefabri.com\/en\/advantages-of-portable-toilets\/","title":{"rendered":"Advantages of the use of portable toilets"},"content":{"rendered":"\n\t\t<style type=\"text\/css\">\n\t\t\t#gallery-1 {\n\t\t\t\tmargin: auto;\n\t\t\t}\n\t\t\t#gallery-1 .gallery-item {\n\t\t\t\tfloat: left;\n\t\t\t\tmargin-top: 10px;\n\t\t\t\ttext-align: center;\n\t\t\t\twidth: 11%;\n\t\t\t}\n\t\t\t#gallery-1 img {\n\t\t\t\tborder: 2px solid #cfcfcf;\n\t\t\t}\n\t\t\t#gallery-1 .gallery-caption {\n\t\t\t\tmargin-left: 0;\n\t\t\t}\n\t\t\t\/* see gallery_shortcode() in wp-includes\/media.php *\/\n\t\t<\/style>\n\t\t<div id='gallery-1' class='gallery galleryid-15867 gallery-columns-9 gallery-size-thumbnail'><dl class='gallery-item'>\n\t\t\t<dt class='gallery-icon landscape'>\n\t\t\t\t<a href='https:\/\/www.europa-prefabri.com\/en\/new-range-of-portable-wcs-for-events\/2-1-remolque-steel-interior-2\/'><img loading=\"lazy\" decoding=\"async\" width=\"80\" height=\"80\" src=\"https:\/\/www.europa-prefabri.com\/wp-content\/uploads\/2-1-remolque-steel-interior-80x80.jpg\" class=\"attachment-thumbnail size-thumbnail\" alt=\"Portable WCs\" srcset=\"https:\/\/www.europa-prefabri.com\/wp-content\/uploads\/2-1-remolque-steel-interior-80x80.jpg 80w, https:\/\/www.europa-prefabri.com\/wp-content\/uploads\/2-1-remolque-steel-interior-36x36.jpg 36w, https:\/\/www.europa-prefabri.com\/wp-content\/uploads\/2-1-remolque-steel-interior-180x180.jpg 180w, https:\/\/www.europa-prefabri.com\/wp-content\/uploads\/2-1-remolque-steel-interior-120x120.jpg 120w, https:\/\/www.europa-prefabri.com\/wp-content\/uploads\/2-1-remolque-steel-interior-450x450.jpg 450w\" sizes=\"auto, (max-width: 80px) 100vw, 80px\" \/><\/a>\n\t\t\t<\/dt><\/dl><dl class='gallery-item'>\n\t\t\t<dt class='gallery-icon landscape'>\n\t\t\t\t<a href='https:\/\/www.europa-prefabri.com\/en\/2-remolque-steel\/'><img loading=\"lazy\" decoding=\"async\" width=\"80\" height=\"80\" src=\"https:\/\/www.europa-prefabri.com\/wp-content\/uploads\/2-remolque-steel-80x80.jpg\" class=\"attachment-thumbnail size-thumbnail\" alt=\"\" srcset=\"https:\/\/www.europa-prefabri.com\/wp-content\/uploads\/2-remolque-steel-80x80.jpg 80w, https:\/\/www.europa-prefabri.com\/wp-content\/uploads\/2-remolque-steel-36x36.jpg 36w, https:\/\/www.europa-prefabri.com\/wp-content\/uploads\/2-remolque-steel-180x180.jpg 180w, https:\/\/www.europa-prefabri.com\/wp-content\/uploads\/2-remolque-steel-120x120.jpg 120w, https:\/\/www.europa-prefabri.com\/wp-content\/uploads\/2-remolque-steel-450x450.jpg 450w\" sizes=\"auto, (max-width: 80px) 100vw, 80px\" \/><\/a>\n\t\t\t<\/dt><\/dl><dl class='gallery-item'>\n\t\t\t<dt class='gallery-icon landscape'>\n\t\t\t\t<a href='https:\/\/www.europa-prefabri.com\/en\/new-range-of-portable-wcs-for-events\/1-1-remolque-lujo-arizona-interior-2\/'><img loading=\"lazy\" decoding=\"async\" width=\"80\" height=\"80\" src=\"https:\/\/www.europa-prefabri.com\/wp-content\/uploads\/1-1-remolque-lujo-arizona-interior-80x80.jpg\" class=\"attachment-thumbnail size-thumbnail\" alt=\"\" srcset=\"https:\/\/www.europa-prefabri.com\/wp-content\/uploads\/1-1-remolque-lujo-arizona-interior-80x80.jpg 80w, https:\/\/www.europa-prefabri.com\/wp-content\/uploads\/1-1-remolque-lujo-arizona-interior-36x36.jpg 36w, https:\/\/www.europa-prefabri.com\/wp-content\/uploads\/1-1-remolque-lujo-arizona-interior-180x180.jpg 180w, https:\/\/www.europa-prefabri.com\/wp-content\/uploads\/1-1-remolque-lujo-arizona-interior-120x120.jpg 120w, https:\/\/www.europa-prefabri.com\/wp-content\/uploads\/1-1-remolque-lujo-arizona-interior-450x450.jpg 450w\" sizes=\"auto, (max-width: 80px) 100vw, 80px\" \/><\/a>\n\t\t\t<\/dt><\/dl><dl class='gallery-item'>\n\t\t\t<dt class='gallery-icon landscape'>\n\t\t\t\t<a href='https:\/\/www.europa-prefabri.com\/en\/new-range-of-portable-wcs-for-events\/9-cabina-adaptada-prefabri-2\/'><img loading=\"lazy\" decoding=\"async\" width=\"80\" height=\"80\" src=\"https:\/\/www.europa-prefabri.com\/wp-content\/uploads\/9-cabina-adaptada-prefabri-80x80.jpg\" class=\"attachment-thumbnail size-thumbnail\" alt=\"\" srcset=\"https:\/\/www.europa-prefabri.com\/wp-content\/uploads\/9-cabina-adaptada-prefabri-80x80.jpg 80w, https:\/\/www.europa-prefabri.com\/wp-content\/uploads\/9-cabina-adaptada-prefabri-36x36.jpg 36w, https:\/\/www.europa-prefabri.com\/wp-content\/uploads\/9-cabina-adaptada-prefabri-180x180.jpg 180w, https:\/\/www.europa-prefabri.com\/wp-content\/uploads\/9-cabina-adaptada-prefabri-120x120.jpg 120w, https:\/\/www.europa-prefabri.com\/wp-content\/uploads\/9-cabina-adaptada-prefabri-450x450.jpg 450w\" sizes=\"auto, (max-width: 80px) 100vw, 80px\" \/><\/a>\n\t\t\t<\/dt><\/dl><dl class='gallery-item'>\n\t\t\t<dt class='gallery-icon landscape'>\n\t\t\t\t<a href='https:\/\/www.europa-prefabri.com\/en\/new-range-of-portable-wcs-for-events\/8-cabina-yellostone-2\/'><img loading=\"lazy\" decoding=\"async\" width=\"80\" height=\"80\" src=\"https:\/\/www.europa-prefabri.com\/wp-content\/uploads\/8-cabina-yellostone-80x80.jpg\" class=\"attachment-thumbnail size-thumbnail\" alt=\"\" srcset=\"https:\/\/www.europa-prefabri.com\/wp-content\/uploads\/8-cabina-yellostone-80x80.jpg 80w, https:\/\/www.europa-prefabri.com\/wp-content\/uploads\/8-cabina-yellostone-36x36.jpg 36w, https:\/\/www.europa-prefabri.com\/wp-content\/uploads\/8-cabina-yellostone-180x180.jpg 180w, https:\/\/www.europa-prefabri.com\/wp-content\/uploads\/8-cabina-yellostone-120x120.jpg 120w, https:\/\/www.europa-prefabri.com\/wp-content\/uploads\/8-cabina-yellostone-450x450.jpg 450w\" sizes=\"auto, (max-width: 80px) 100vw, 80px\" \/><\/a>\n\t\t\t<\/dt><\/dl><dl class='gallery-item'>\n\t\t\t<dt class='gallery-icon landscape'>\n\t\t\t\t<a href='https:\/\/www.europa-prefabri.com\/en\/1-remolque-lujo-arizona\/'><img loading=\"lazy\" decoding=\"async\" width=\"80\" height=\"80\" src=\"https:\/\/www.europa-prefabri.com\/wp-content\/uploads\/1-remolque-lujo-arizona-80x80.jpg\" class=\"attachment-thumbnail size-thumbnail\" alt=\"\" srcset=\"https:\/\/www.europa-prefabri.com\/wp-content\/uploads\/1-remolque-lujo-arizona-80x80.jpg 80w, https:\/\/www.europa-prefabri.com\/wp-content\/uploads\/1-remolque-lujo-arizona-36x36.jpg 36w, https:\/\/www.europa-prefabri.com\/wp-content\/uploads\/1-remolque-lujo-arizona-180x180.jpg 180w, https:\/\/www.europa-prefabri.com\/wp-content\/uploads\/1-remolque-lujo-arizona-120x120.jpg 120w, https:\/\/www.europa-prefabri.com\/wp-content\/uploads\/1-remolque-lujo-arizona-450x450.jpg 450w\" sizes=\"auto, (max-width: 80px) 100vw, 80px\" \/><\/a>\n\t\t\t<\/dt><\/dl><dl class='gallery-item'>\n\t\t\t<dt class='gallery-icon landscape'>\n\t\t\t\t<a href='https:\/\/www.europa-prefabri.com\/en\/new-range-of-portable-wcs-for-events\/7-mini-remolque-western-2\/'><img loading=\"lazy\" decoding=\"async\" width=\"80\" height=\"80\" src=\"https:\/\/www.europa-prefabri.com\/wp-content\/uploads\/7-mini-remolque-western-80x80.jpg\" class=\"attachment-thumbnail size-thumbnail\" alt=\"\" srcset=\"https:\/\/www.europa-prefabri.com\/wp-content\/uploads\/7-mini-remolque-western-80x80.jpg 80w, https:\/\/www.europa-prefabri.com\/wp-content\/uploads\/7-mini-remolque-western-36x36.jpg 36w, https:\/\/www.europa-prefabri.com\/wp-content\/uploads\/7-mini-remolque-western-180x180.jpg 180w, https:\/\/www.europa-prefabri.com\/wp-content\/uploads\/7-mini-remolque-western-120x120.jpg 120w, https:\/\/www.europa-prefabri.com\/wp-content\/uploads\/7-mini-remolque-western-450x450.jpg 450w\" sizes=\"auto, (max-width: 80px) 100vw, 80px\" \/><\/a>\n\t\t\t<\/dt><\/dl><dl class='gallery-item'>\n\t\t\t<dt class='gallery-icon landscape'>\n\t\t\t\t<a href='https:\/\/www.europa-prefabri.com\/en\/new-range-of-portable-wcs-for-events\/6-cabina-viena-2\/'><img loading=\"lazy\" decoding=\"async\" width=\"80\" height=\"80\" src=\"https:\/\/www.europa-prefabri.com\/wp-content\/uploads\/6-cabina-viena-80x80.jpg\" class=\"attachment-thumbnail size-thumbnail\" alt=\"\" srcset=\"https:\/\/www.europa-prefabri.com\/wp-content\/uploads\/6-cabina-viena-80x80.jpg 80w, https:\/\/www.europa-prefabri.com\/wp-content\/uploads\/6-cabina-viena-36x36.jpg 36w, https:\/\/www.europa-prefabri.com\/wp-content\/uploads\/6-cabina-viena-180x180.jpg 180w, https:\/\/www.europa-prefabri.com\/wp-content\/uploads\/6-cabina-viena-120x120.jpg 120w, https:\/\/www.europa-prefabri.com\/wp-content\/uploads\/6-cabina-viena-450x450.jpg 450w\" sizes=\"auto, (max-width: 80px) 100vw, 80px\" \/><\/a>\n\t\t\t<\/dt><\/dl><dl class='gallery-item'>\n\t\t\t<dt class='gallery-icon landscape'>\n\t\t\t\t<a href='https:\/\/www.europa-prefabri.com\/en\/5-2-remolque-montana-interior\/'><img loading=\"lazy\" decoding=\"async\" width=\"80\" height=\"80\" src=\"https:\/\/www.europa-prefabri.com\/wp-content\/uploads\/5-2-remolque-montana-interior-80x80.jpg\" class=\"attachment-thumbnail size-thumbnail\" alt=\"\" srcset=\"https:\/\/www.europa-prefabri.com\/wp-content\/uploads\/5-2-remolque-montana-interior-80x80.jpg 80w, https:\/\/www.europa-prefabri.com\/wp-content\/uploads\/5-2-remolque-montana-interior-36x36.jpg 36w, https:\/\/www.europa-prefabri.com\/wp-content\/uploads\/5-2-remolque-montana-interior-180x180.jpg 180w, https:\/\/www.europa-prefabri.com\/wp-content\/uploads\/5-2-remolque-montana-interior-120x120.jpg 120w, https:\/\/www.europa-prefabri.com\/wp-content\/uploads\/5-2-remolque-montana-interior-450x450.jpg 450w\" sizes=\"auto, (max-width: 80px) 100vw, 80px\" \/><\/a>\n\t\t\t<\/dt><\/dl><br style=\"clear: both\" \/><dl class='gallery-item'>\n\t\t\t<dt class='gallery-icon landscape'>\n\t\t\t\t<a href='https:\/\/www.europa-prefabri.com\/en\/new-range-of-portable-wcs-for-events\/5-1-remolque-montana-2\/'><img loading=\"lazy\" decoding=\"async\" width=\"80\" height=\"80\" src=\"https:\/\/www.europa-prefabri.com\/wp-content\/uploads\/5-1-remolque-montana-80x80.jpg\" class=\"attachment-thumbnail size-thumbnail\" alt=\"\" srcset=\"https:\/\/www.europa-prefabri.com\/wp-content\/uploads\/5-1-remolque-montana-80x80.jpg 80w, https:\/\/www.europa-prefabri.com\/wp-content\/uploads\/5-1-remolque-montana-36x36.jpg 36w, https:\/\/www.europa-prefabri.com\/wp-content\/uploads\/5-1-remolque-montana-180x180.jpg 180w, https:\/\/www.europa-prefabri.com\/wp-content\/uploads\/5-1-remolque-montana-120x120.jpg 120w, https:\/\/www.europa-prefabri.com\/wp-content\/uploads\/5-1-remolque-montana-450x450.jpg 450w\" sizes=\"auto, (max-width: 80px) 100vw, 80px\" \/><\/a>\n\t\t\t<\/dt><\/dl><dl class='gallery-item'>\n\t\t\t<dt class='gallery-icon landscape'>\n\t\t\t\t<a href='https:\/\/www.europa-prefabri.com\/en\/4-1-remolque-lujo-nueva-york-2\/'><img loading=\"lazy\" decoding=\"async\" width=\"80\" height=\"80\" src=\"https:\/\/www.europa-prefabri.com\/wp-content\/uploads\/4-1-remolque-lujo-nueva-york-2-80x80.jpg\" class=\"attachment-thumbnail size-thumbnail\" alt=\"\" srcset=\"https:\/\/www.europa-prefabri.com\/wp-content\/uploads\/4-1-remolque-lujo-nueva-york-2-80x80.jpg 80w, https:\/\/www.europa-prefabri.com\/wp-content\/uploads\/4-1-remolque-lujo-nueva-york-2-36x36.jpg 36w, https:\/\/www.europa-prefabri.com\/wp-content\/uploads\/4-1-remolque-lujo-nueva-york-2-180x180.jpg 180w, https:\/\/www.europa-prefabri.com\/wp-content\/uploads\/4-1-remolque-lujo-nueva-york-2-120x120.jpg 120w, https:\/\/www.europa-prefabri.com\/wp-content\/uploads\/4-1-remolque-lujo-nueva-york-2-450x450.jpg 450w\" sizes=\"auto, (max-width: 80px) 100vw, 80px\" \/><\/a>\n\t\t\t<\/dt><\/dl><dl class='gallery-item'>\n\t\t\t<dt class='gallery-icon landscape'>\n\t\t\t\t<a href='https:\/\/www.europa-prefabri.com\/en\/new-range-of-portable-wcs-for-events\/4-remolque-lujo-nueva-york-2\/'><img loading=\"lazy\" decoding=\"async\" width=\"80\" height=\"80\" src=\"https:\/\/www.europa-prefabri.com\/wp-content\/uploads\/4-remolque-lujo-nueva-york-80x80.jpeg\" class=\"attachment-thumbnail size-thumbnail\" alt=\"\" srcset=\"https:\/\/www.europa-prefabri.com\/wp-content\/uploads\/4-remolque-lujo-nueva-york-80x80.jpeg 80w, https:\/\/www.europa-prefabri.com\/wp-content\/uploads\/4-remolque-lujo-nueva-york-36x36.jpeg 36w, https:\/\/www.europa-prefabri.com\/wp-content\/uploads\/4-remolque-lujo-nueva-york-180x180.jpeg 180w, https:\/\/www.europa-prefabri.com\/wp-content\/uploads\/4-remolque-lujo-nueva-york-120x120.jpeg 120w, https:\/\/www.europa-prefabri.com\/wp-content\/uploads\/4-remolque-lujo-nueva-york-450x450.jpeg 450w\" sizes=\"auto, (max-width: 80px) 100vw, 80px\" \/><\/a>\n\t\t\t<\/dt><\/dl><dl class='gallery-item'>\n\t\t\t<dt class='gallery-icon landscape'>\n\t\t\t\t<a href='https:\/\/www.europa-prefabri.com\/en\/portable-cabins-for-events\/sanitarios-para-eventos-2\/'><img loading=\"lazy\" decoding=\"async\" width=\"80\" height=\"80\" src=\"https:\/\/www.europa-prefabri.com\/wp-content\/uploads\/sanitarios-para-eventos-80x80.jpg\" class=\"attachment-thumbnail size-thumbnail\" alt=\"portable toilets\" srcset=\"https:\/\/www.europa-prefabri.com\/wp-content\/uploads\/sanitarios-para-eventos-80x80.jpg 80w, https:\/\/www.europa-prefabri.com\/wp-content\/uploads\/sanitarios-para-eventos-36x36.jpg 36w, https:\/\/www.europa-prefabri.com\/wp-content\/uploads\/sanitarios-para-eventos-180x180.jpg 180w, https:\/\/www.europa-prefabri.com\/wp-content\/uploads\/sanitarios-para-eventos-120x120.jpg 120w, https:\/\/www.europa-prefabri.com\/wp-content\/uploads\/sanitarios-para-eventos-450x450.jpg 450w\" sizes=\"auto, (max-width: 80px) 100vw, 80px\" \/><\/a>\n\t\t\t<\/dt><\/dl><dl class='gallery-item'>\n\t\t\t<dt class='gallery-icon landscape'>\n\t\t\t\t<a href='https:\/\/www.europa-prefabri.com\/en\/sanitario-vip-01\/'><img loading=\"lazy\" decoding=\"async\" width=\"80\" height=\"80\" src=\"https:\/\/www.europa-prefabri.com\/wp-content\/uploads\/sanitario-vip-01-80x80.jpg\" class=\"attachment-thumbnail size-thumbnail\" alt=\"alquiler de sanitarios vip para eventos y espectaculos\" srcset=\"https:\/\/www.europa-prefabri.com\/wp-content\/uploads\/sanitario-vip-01-80x80.jpg 80w, https:\/\/www.europa-prefabri.com\/wp-content\/uploads\/sanitario-vip-01-36x36.jpg 36w, https:\/\/www.europa-prefabri.com\/wp-content\/uploads\/sanitario-vip-01-180x180.jpg 180w, https:\/\/www.europa-prefabri.com\/wp-content\/uploads\/sanitario-vip-01-120x120.jpg 120w, https:\/\/www.europa-prefabri.com\/wp-content\/uploads\/sanitario-vip-01-450x450.jpg 450w\" sizes=\"auto, (max-width: 80px) 100vw, 80px\" \/><\/a>\n\t\t\t<\/dt><\/dl><dl class='gallery-item'>\n\t\t\t<dt class='gallery-icon landscape'>\n\t\t\t\t<a href='https:\/\/www.europa-prefabri.com\/en\/sanitario-vip-02\/'><img loading=\"lazy\" decoding=\"async\" width=\"80\" height=\"80\" src=\"https:\/\/www.europa-prefabri.com\/wp-content\/uploads\/sanitario-vip-02-80x80.jpg\" class=\"attachment-thumbnail size-thumbnail\" alt=\"alquiler de sanitarios de lujo para eventos y espectaculos\" srcset=\"https:\/\/www.europa-prefabri.com\/wp-content\/uploads\/sanitario-vip-02-80x80.jpg 80w, https:\/\/www.europa-prefabri.com\/wp-content\/uploads\/sanitario-vip-02-36x36.jpg 36w, https:\/\/www.europa-prefabri.com\/wp-content\/uploads\/sanitario-vip-02-180x180.jpg 180w, https:\/\/www.europa-prefabri.com\/wp-content\/uploads\/sanitario-vip-02-120x120.jpg 120w, https:\/\/www.europa-prefabri.com\/wp-content\/uploads\/sanitario-vip-02-450x450.jpg 450w\" sizes=\"auto, (max-width: 80px) 100vw, 80px\" \/><\/a>\n\t\t\t<\/dt><\/dl><dl class='gallery-item'>\n\t\t\t<dt class='gallery-icon landscape'>\n\t\t\t\t<a href='https:\/\/www.europa-prefabri.com\/en\/portfolio-item\/remolques-lujo\/img_0561\/'><img loading=\"lazy\" decoding=\"async\" width=\"80\" height=\"80\" src=\"https:\/\/www.europa-prefabri.com\/wp-content\/uploads\/IMG_0561-80x80.jpg\" class=\"attachment-thumbnail size-thumbnail\" alt=\"Alquiler remolques sanitarios de lujo\" srcset=\"https:\/\/www.europa-prefabri.com\/wp-content\/uploads\/IMG_0561-80x80.jpg 80w, https:\/\/www.europa-prefabri.com\/wp-content\/uploads\/IMG_0561-36x36.jpg 36w, https:\/\/www.europa-prefabri.com\/wp-content\/uploads\/IMG_0561-180x180.jpg 180w, https:\/\/www.europa-prefabri.com\/wp-content\/uploads\/IMG_0561-120x120.jpg 120w, https:\/\/www.europa-prefabri.com\/wp-content\/uploads\/IMG_0561-450x450.jpg 450w\" sizes=\"auto, (max-width: 80px) 100vw, 80px\" \/><\/a>\n\t\t\t<\/dt><\/dl><dl class='gallery-item'>\n\t\t\t<dt class='gallery-icon landscape'>\n\t\t\t\t<a href='https:\/\/www.europa-prefabri.com\/en\/portfolio-item\/remolques-lujo\/lavamanos_manhattan\/'><img loading=\"lazy\" decoding=\"async\" width=\"80\" height=\"80\" src=\"https:\/\/www.europa-prefabri.com\/wp-content\/uploads\/LAVAMANOS_MANHATTAN-80x80.jpg\" class=\"attachment-thumbnail size-thumbnail\" alt=\"Alquiler remolques sanitarios de lujo\" srcset=\"https:\/\/www.europa-prefabri.com\/wp-content\/uploads\/LAVAMANOS_MANHATTAN-80x80.jpg 80w, https:\/\/www.europa-prefabri.com\/wp-content\/uploads\/LAVAMANOS_MANHATTAN-36x36.jpg 36w, https:\/\/www.europa-prefabri.com\/wp-content\/uploads\/LAVAMANOS_MANHATTAN-180x180.jpg 180w, https:\/\/www.europa-prefabri.com\/wp-content\/uploads\/LAVAMANOS_MANHATTAN-120x120.jpg 120w, https:\/\/www.europa-prefabri.com\/wp-content\/uploads\/LAVAMANOS_MANHATTAN-450x450.jpg 450w\" sizes=\"auto, (max-width: 80px) 100vw, 80px\" \/><\/a>\n\t\t\t<\/dt><\/dl><dl class='gallery-item'>\n\t\t\t<dt class='gallery-icon landscape'>\n\t\t\t\t<a href='https:\/\/www.europa-prefabri.com\/en\/portfolio-item\/remolques-lujo\/image6\/'><img loading=\"lazy\" decoding=\"async\" width=\"80\" height=\"80\" src=\"https:\/\/www.europa-prefabri.com\/wp-content\/uploads\/image6-80x80.jpg\" class=\"attachment-thumbnail size-thumbnail\" alt=\"Alquiler remolques sanitarios de lujo\" srcset=\"https:\/\/www.europa-prefabri.com\/wp-content\/uploads\/image6-80x80.jpg 80w, https:\/\/www.europa-prefabri.com\/wp-content\/uploads\/image6-36x36.jpg 36w, https:\/\/www.europa-prefabri.com\/wp-content\/uploads\/image6-180x180.jpg 180w, https:\/\/www.europa-prefabri.com\/wp-content\/uploads\/image6-120x120.jpg 120w, https:\/\/www.europa-prefabri.com\/wp-content\/uploads\/image6-450x450.jpg 450w\" sizes=\"auto, (max-width: 80px) 100vw, 80px\" \/><\/a>\n\t\t\t<\/dt><\/dl><br style=\"clear: both\" \/><dl class='gallery-item'>\n\t\t\t<dt class='gallery-icon landscape'>\n\t\t\t\t<a href='https:\/\/www.europa-prefabri.com\/en\/portfolio-item\/remolques-lujo\/image4\/'><img loading=\"lazy\" decoding=\"async\" width=\"80\" height=\"80\" src=\"https:\/\/www.europa-prefabri.com\/wp-content\/uploads\/image4-80x80.jpg\" class=\"attachment-thumbnail size-thumbnail\" alt=\"Alquiler remolques sanitarios de lujo\" srcset=\"https:\/\/www.europa-prefabri.com\/wp-content\/uploads\/image4-80x80.jpg 80w, https:\/\/www.europa-prefabri.com\/wp-content\/uploads\/image4-36x36.jpg 36w, https:\/\/www.europa-prefabri.com\/wp-content\/uploads\/image4-180x180.jpg 180w, https:\/\/www.europa-prefabri.com\/wp-content\/uploads\/image4-120x120.jpg 120w, https:\/\/www.europa-prefabri.com\/wp-content\/uploads\/image4-450x450.jpg 450w\" sizes=\"auto, (max-width: 80px) 100vw, 80px\" \/><\/a>\n\t\t\t<\/dt><\/dl><dl class='gallery-item'>\n\t\t\t<dt class='gallery-icon landscape'>\n\t\t\t\t<a href='https:\/\/www.europa-prefabri.com\/en\/portfolio-item\/sanitarios-portatiles\/7-sanitarios-y-urinarios\/'><img loading=\"lazy\" decoding=\"async\" width=\"80\" height=\"80\" src=\"https:\/\/www.europa-prefabri.com\/wp-content\/uploads\/7-Sanitarios-y-urinarios-80x80.jpg\" class=\"attachment-thumbnail size-thumbnail\" alt=\"EUROPA PREFABRI- Sanitarios y urinarios port\u00e1tiles para alquiler y venta\" srcset=\"https:\/\/www.europa-prefabri.com\/wp-content\/uploads\/7-Sanitarios-y-urinarios-80x80.jpg 80w, https:\/\/www.europa-prefabri.com\/wp-content\/uploads\/7-Sanitarios-y-urinarios-36x36.jpg 36w, https:\/\/www.europa-prefabri.com\/wp-content\/uploads\/7-Sanitarios-y-urinarios-180x180.jpg 180w, https:\/\/www.europa-prefabri.com\/wp-content\/uploads\/7-Sanitarios-y-urinarios-120x120.jpg 120w, https:\/\/www.europa-prefabri.com\/wp-content\/uploads\/7-Sanitarios-y-urinarios-450x450.jpg 450w\" sizes=\"auto, (max-width: 80px) 100vw, 80px\" \/><\/a>\n\t\t\t<\/dt><\/dl><dl class='gallery-item'>\n\t\t\t<dt class='gallery-icon landscape'>\n\t\t\t\t<a href='https:\/\/www.europa-prefabri.com\/en\/portfolio-item\/sanitarios-portatiles\/8-sanitarios-para-obras\/'><img loading=\"lazy\" decoding=\"async\" width=\"80\" height=\"80\" src=\"https:\/\/www.europa-prefabri.com\/wp-content\/uploads\/8-Sanitarios-para-obras-80x80.jpg\" class=\"attachment-thumbnail size-thumbnail\" alt=\"EUROPA PREFABRI- Sanitarios port\u00e1tiles para obras\" srcset=\"https:\/\/www.europa-prefabri.com\/wp-content\/uploads\/8-Sanitarios-para-obras-80x80.jpg 80w, https:\/\/www.europa-prefabri.com\/wp-content\/uploads\/8-Sanitarios-para-obras-36x36.jpg 36w, https:\/\/www.europa-prefabri.com\/wp-content\/uploads\/8-Sanitarios-para-obras-180x180.jpg 180w, https:\/\/www.europa-prefabri.com\/wp-content\/uploads\/8-Sanitarios-para-obras-120x120.jpg 120w, https:\/\/www.europa-prefabri.com\/wp-content\/uploads\/8-Sanitarios-para-obras-450x450.jpg 450w\" sizes=\"auto, (max-width: 80px) 100vw, 80px\" \/><\/a>\n\t\t\t<\/dt><\/dl>\n\t\t\t<br style='clear: both' \/>\n\t\t<\/div>\n\n<p>Portable toilets bring their grain of sand for the protection of the environment with a more responsible use of the water and making the drinkable water safer.<\/p>\n<p>It also enables a productivity increase in the working centres.<\/p>\n<h1>Portables toilets and their contribution to the protection of the environment.<\/h1>\n<p>Portable toilets have a huge impact on water supply around the world.<\/p>\n<p>Every day more than 473 million of water are saved in the world thanks to it, a number that could reach the incredible amount of 170 billion of litres of water. In order to have a point of comparison, the maximum capacity of the reservoir in San Juan of Madrid is around 138 billion of litres.<\/p>\n<h3>But how is it possible to save water?<\/h3>\n<p>This is due to the effective use of the water that is used.\u00a0 Traditional toilet with only one button waste between 8 and 12 litres each time that we flush the toilet. Toilets with two buttons waste between 3 and 4 litres for the little button and between 6 and 7 litres for the big button.<\/p>\n<p>Some simple solution exists in order to waste less water, because in reality we do not need so much. One of the most famous is introducing in the cistern a half-full bottle of water, which occupies some space of the cistern volume.<\/p>\n<p>Nevertheless, with only 20 litres of water added to one treated product and biodegradable that disinfect, discompose the organic material and inhibit bad smells, portable toilets can be used until 300 times.<\/p>\n<p>Furthermore, portable toilets help to protect water sources from devastating contamination effects that can be lethal for human beings, fauna and flora in rural areas and in areas that do not have access to a sewer system.<\/p>\n<h3>How do portable toilets help at protecting the quality of water?<\/h3>\n<p>Portable toilets have their own water-tank, which enable them to be self-sufficient and to work without any connection to sewer system networks. Technicians specializing in cleaning have to empty these water-tanks and transport the waste to the closest sewer plant for its correct treatment.<\/p>\n<h2>Portable toilets help increasing productivity.<\/h2>\n<p>Every day, a person spends around 18 minutes in the toilet, and this time is increasing in case there are no toilets in the working center. The presence of portable toilets in working centers helps at increasing productivity by avoiding the displacement of workers far from their workplace, which can be seen as a cost reduction.<\/p>\n<p>Concerning construction, it is normal to have portable toilets, which is regulated by the European standard UNE-EN-16194 that establishes the number of users and the quantity of toilets.<\/p>\n<p>En el sector de la construcci\u00f3n es habitual la presencia de los ba\u00f1os port\u00e1tiles, estando regulado por la normativa europea UNE-EN-16194\u00a0que establece el n\u00famero de usuarios y la cantidad de cabinas sanitarias.<\/p>\n<table width=\"800\">\n<tbody>\n<tr>\n<td width=\"388\"><strong>Number of users<\/strong><\/td>\n<td width=\"537\"><strong>Number of portable toillets<\/strong><\/td>\n<\/tr>\n<tr>\n<td width=\"388\">From 1 to 10<\/td>\n<td width=\"537\">1<\/td>\n<\/tr>\n<tr>\n<td width=\"388\">From 11 to 20<\/td>\n<td width=\"537\">2<\/td>\n<\/tr>\n<tr>\n<td width=\"388\">More than 20<\/td>\n<td width=\"537\">One more cabin for more than 10 person<\/td>\n<\/tr>\n<tr>\n<td colspan=\"2\" width=\"925\">The cabin should be cleaned at least every five working days of 8 hours each<\/td>\n<\/tr>\n<\/tbody>\n<\/table>\n<p>Indeed, portable toilets are also promoted for mining and agricultural exploitation, which regulate the same way as in the construction with this European standard.<\/p>\n<p>The distance between portable toilets and working centers should be more than 100 metres.<\/p>\n<h2>Portable toilets: the best solution for events.<\/h2>\n<p>In order to profit from events without any concerns, it is always mandatory to have a correct number of toilets in order to avoid endless queues that prevent people from enjoying the event.<\/p>\n<p>In fact, in this European standard, the number of portable toilets needed to celebrate correctly an event is also regulated, as you can see on the table bellow.<\/p>\n<table width=\"797\">\n<tbody>\n<tr>\n<td width=\"68\"><\/td>\n<td width=\"261\"><strong>N.\u00ba of users (50% men and<\/strong><\/p>\n<p><strong>50% women)<\/strong><\/td>\n<td width=\"258\"><strong>Minimum number of cabins (for an event of 6 hours maximum)<\/strong><\/td>\n<td width=\"209\"><strong>Minimum number of cabins (for an evento f 12 hours maximum)<\/strong><\/td>\n<\/tr>\n<tr>\n<td width=\"68\">a)<\/td>\n<td width=\"261\">To 249<\/td>\n<td width=\"258\">2<\/td>\n<td width=\"209\">3<\/td>\n<\/tr>\n<tr>\n<td width=\"68\">b)<\/td>\n<td width=\"261\">From 250 to 499<\/td>\n<td width=\"258\">3<\/td>\n<td width=\"209\">5<\/td>\n<\/tr>\n<tr>\n<td width=\"68\">c)<\/td>\n<td width=\"261\">From 500 to 999<\/td>\n<td width=\"258\">6<\/td>\n<td width=\"209\">9<\/td>\n<\/tr>\n<tr>\n<td width=\"68\">d)<\/td>\n<td width=\"261\">From 1 000 to 1 999<\/td>\n<td width=\"258\">12<\/td>\n<td width=\"209\">18<\/td>\n<\/tr>\n<tr>\n<td width=\"68\">e)<\/td>\n<td width=\"261\">From 2 000 to 2 999<\/td>\n<td width=\"258\">25<\/td>\n<td width=\"209\">38<\/td>\n<\/tr>\n<tr>\n<td width=\"68\">f)<\/td>\n<td width=\"261\">From 3 000 to 3 999<\/td>\n<td width=\"258\">38<\/td>\n<td width=\"209\">57<\/td>\n<\/tr>\n<tr>\n<td width=\"68\">g)<\/td>\n<td width=\"261\">From 4 000 to 4 999<\/td>\n<td width=\"258\">50<\/td>\n<td width=\"209\">75<\/td>\n<\/tr>\n<tr>\n<td width=\"68\">h)<\/td>\n<td width=\"261\">From 5 000 to 5 999<\/td>\n<td width=\"258\">63<\/td>\n<td width=\"209\">95<\/td>\n<\/tr>\n<tr>\n<td width=\"68\">i)<\/td>\n<td width=\"261\">From 6 000 to 6 999<\/td>\n<td width=\"258\">75<\/td>\n<td width=\"209\">113<\/td>\n<\/tr>\n<tr>\n<td width=\"68\">j)<\/td>\n<td width=\"261\">From 7 000 to 7 999<\/td>\n<td width=\"258\">88<\/td>\n<td width=\"209\">132<\/td>\n<\/tr>\n<tr>\n<td width=\"68\">k)<\/td>\n<td width=\"261\">From 8 000 to 8 999<\/td>\n<td width=\"258\">100<\/td>\n<td width=\"209\">150<\/td>\n<\/tr>\n<tr>\n<td width=\"68\">l)<\/td>\n<td width=\"261\">From 9 000 to 9 999<\/td>\n<td width=\"258\">113<\/td>\n<td width=\"209\">170<\/td>\n<\/tr>\n<tr>\n<td width=\"68\">m)<\/td>\n<td width=\"261\">From 10 000 to 12 499<\/td>\n<td width=\"258\">125<\/td>\n<td width=\"209\">188<\/td>\n<\/tr>\n<tr>\n<td width=\"68\">n)<\/td>\n<td width=\"261\">From 12 500 to 14 999<\/td>\n<td width=\"258\">156<\/td>\n<td width=\"209\">234<\/td>\n<\/tr>\n<tr>\n<td width=\"68\">o)<\/td>\n<td width=\"261\">From 15 000 to 17 499<\/td>\n<td width=\"258\">188<\/td>\n<td width=\"209\">282<\/td>\n<\/tr>\n<tr>\n<td width=\"68\">p)<\/td>\n<td width=\"261\">From 17 500 to 19 999<\/td>\n<td width=\"258\">219<\/td>\n<td width=\"209\">329<\/td>\n<\/tr>\n<tr>\n<td width=\"68\">q)<\/td>\n<td width=\"261\">20 000<\/td>\n<td width=\"258\">250<\/td>\n<td width=\"209\">375<\/td>\n<\/tr>\n<tr>\n<td width=\"68\">r)<\/td>\n<td width=\"261\">More than 20 000<\/td>\n<td colspan=\"2\" width=\"468\">An individual calculation is necessary<\/td>\n<\/tr>\n<tr>\n<td colspan=\"4\" width=\"797\"><strong>Cleaning interval<\/strong>: In this table, the intermediate cleaning nor auxiliary services in situ are not registered, because an individual calculation is needed. If the events last more than 6 or 12 hours, the cabin should be cleaned by intervals of 6 or 12 hours.<\/td>\n<\/tr>\n<\/tbody>\n<\/table>\n<p>Moreover, a higher correction factor should be added if in these events drinks and food are being served, because the use of portable toilets would increase.<\/p>\n<p><strong>Which services are included while renting a portable toilet? <\/strong><\/p>\n<p>Concerning the rent of portable toilets, the transport is included to the place requested, its instillation time, the cleaning of the sanitary facilities (in the construction and mining sector there are weekly cleaning and during events one or two times a day depending on the type of event) and the removal of the portable toilet where it was placed.<\/p>\n","protected":false},"excerpt":{"rendered":"<p>Portable toilets bring their grain of sand for the protection of the environment with a more responsible use of the water and making the drinkable water safer. It also enables a productivity increase in the working centres. Portables toilets and their contribution to the protection of the environment. Portable toilets have a huge impact on [&hellip;]<\/p>\n","protected":false},"author":4,"featured_media":13720,"comment_status":"closed","ping_status":"closed","sticky":false,"template":"","format":"gallery","meta":{"footnotes":""},"categories":[170],"tags":[475],"class_list":["post-15867","post","type-post","status-publish","format-gallery","has-post-thumbnail","hentry","category-projects","tag-portable-toilets","post_format-post-format-gallery"],"yoast_head":"<!-- This site is optimized with the Yoast SEO plugin v27.5 - https:\/\/yoast.com\/product\/yoast-seo-wordpress\/ -->\n<title>Portable toilets, a new economical and ecological solution<\/title>\n<meta name=\"description\" content=\"Portable toilets bring their grain of sand for the protection of the environment with a more responsible use of the water.\" \/>\n<meta name=\"robots\" content=\"index, follow, max-snippet:-1, max-image-preview:large, max-video-preview:-1\" \/>\n<link rel=\"canonical\" href=\"https:\/\/www.europa-prefabri.com\/en\/advantages-of-portable-toilets\/\" \/>\n<meta property=\"og:locale\" content=\"en_US\" \/>\n<meta property=\"og:type\" content=\"article\" \/>\n<meta property=\"og:title\" content=\"Portable toilets, a new economical and ecological solution\" \/>\n<meta property=\"og:description\" content=\"Portable toilets bring their grain of sand for the protection of the environment with a more responsible use of the water.\" \/>\n<meta property=\"og:url\" content=\"https:\/\/www.europa-prefabri.com\/en\/advantages-of-portable-toilets\/\" \/>\n<meta property=\"og:site_name\" content=\"Europa Prefabri | Alquiler y venta de construcciones modulares\" \/>\n<meta property=\"article:publisher\" content=\"https:\/\/www.facebook.com\/Europa-Prefabri-258328977572213\/\" \/>\n<meta property=\"article:published_time\" content=\"2017-04-25T13:13:47+00:00\" \/>\n<meta property=\"article:modified_time\" content=\"2018-03-28T14:37:28+00:00\" \/>\n<meta property=\"og:image\" content=\"https:\/\/www.europa-prefabri.com\/wp-content\/uploads\/sanitarios-para-eventos.jpg\" \/>\n\t<meta property=\"og:image:width\" content=\"800\" \/>\n\t<meta property=\"og:image:height\" content=\"600\" \/>\n\t<meta property=\"og:image:type\" content=\"image\/jpeg\" \/>\n<meta name=\"author\" content=\"admin\" \/>\n<meta name=\"twitter:card\" content=\"summary_large_image\" \/>\n<meta name=\"twitter:creator\" content=\"@EuropaPrefabri\" \/>\n<meta name=\"twitter:site\" content=\"@EuropaPrefabri\" \/>\n<meta name=\"twitter:label1\" content=\"Written by\" \/>\n\t<meta name=\"twitter:data1\" content=\"admin\" \/>\n\t<meta name=\"twitter:label2\" content=\"Est. reading time\" \/>\n\t<meta name=\"twitter:data2\" content=\"4 minutes\" \/>\n<script type=\"application\/ld+json\" class=\"yoast-schema-graph\">{\"@context\":\"https:\\\/\\\/schema.org\",\"@graph\":[{\"@type\":\"Article\",\"@id\":\"https:\\\/\\\/www.europa-prefabri.com\\\/en\\\/advantages-of-portable-toilets\\\/#article\",\"isPartOf\":{\"@id\":\"https:\\\/\\\/www.europa-prefabri.com\\\/en\\\/advantages-of-portable-toilets\\\/\"},\"author\":{\"name\":\"admin\",\"@id\":\"https:\\\/\\\/www.europa-prefabri.com\\\/#\\\/schema\\\/person\\\/2ab6be5821a7026cd8f16d2a9411e86e\"},\"headline\":\"Advantages of the use of portable toilets\",\"datePublished\":\"2017-04-25T13:13:47+00:00\",\"dateModified\":\"2018-03-28T14:37:28+00:00\",\"mainEntityOfPage\":{\"@id\":\"https:\\\/\\\/www.europa-prefabri.com\\\/en\\\/advantages-of-portable-toilets\\\/\"},\"wordCount\":825,\"publisher\":{\"@id\":\"https:\\\/\\\/www.europa-prefabri.com\\\/#organization\"},\"image\":{\"@id\":\"https:\\\/\\\/www.europa-prefabri.com\\\/en\\\/advantages-of-portable-toilets\\\/#primaryimage\"},\"thumbnailUrl\":\"https:\\\/\\\/www.europa-prefabri.com\\\/wp-content\\\/uploads\\\/sanitarios-para-eventos.jpg\",\"keywords\":[\"portable toilets\"],\"articleSection\":[\"Projects\"],\"inLanguage\":\"en-US\"},{\"@type\":\"WebPage\",\"@id\":\"https:\\\/\\\/www.europa-prefabri.com\\\/en\\\/advantages-of-portable-toilets\\\/\",\"url\":\"https:\\\/\\\/www.europa-prefabri.com\\\/en\\\/advantages-of-portable-toilets\\\/\",\"name\":\"Portable toilets, a new economical and ecological solution\",\"isPartOf\":{\"@id\":\"https:\\\/\\\/www.europa-prefabri.com\\\/#website\"},\"primaryImageOfPage\":{\"@id\":\"https:\\\/\\\/www.europa-prefabri.com\\\/en\\\/advantages-of-portable-toilets\\\/#primaryimage\"},\"image\":{\"@id\":\"https:\\\/\\\/www.europa-prefabri.com\\\/en\\\/advantages-of-portable-toilets\\\/#primaryimage\"},\"thumbnailUrl\":\"https:\\\/\\\/www.europa-prefabri.com\\\/wp-content\\\/uploads\\\/sanitarios-para-eventos.jpg\",\"datePublished\":\"2017-04-25T13:13:47+00:00\",\"dateModified\":\"2018-03-28T14:37:28+00:00\",\"description\":\"Portable toilets bring their grain of sand for the protection of the environment with a more responsible use of the water.\",\"breadcrumb\":{\"@id\":\"https:\\\/\\\/www.europa-prefabri.com\\\/en\\\/advantages-of-portable-toilets\\\/#breadcrumb\"},\"inLanguage\":\"en-US\",\"potentialAction\":[{\"@type\":\"ReadAction\",\"target\":[\"https:\\\/\\\/www.europa-prefabri.com\\\/en\\\/advantages-of-portable-toilets\\\/\"]}]},{\"@type\":\"ImageObject\",\"inLanguage\":\"en-US\",\"@id\":\"https:\\\/\\\/www.europa-prefabri.com\\\/en\\\/advantages-of-portable-toilets\\\/#primaryimage\",\"url\":\"https:\\\/\\\/www.europa-prefabri.com\\\/wp-content\\\/uploads\\\/sanitarios-para-eventos.jpg\",\"contentUrl\":\"https:\\\/\\\/www.europa-prefabri.com\\\/wp-content\\\/uploads\\\/sanitarios-para-eventos.jpg\",\"width\":800,\"height\":600,\"caption\":\"portable toilets\"},{\"@type\":\"BreadcrumbList\",\"@id\":\"https:\\\/\\\/www.europa-prefabri.com\\\/en\\\/advantages-of-portable-toilets\\\/#breadcrumb\",\"itemListElement\":[{\"@type\":\"ListItem\",\"position\":1,\"name\":\"Portada\",\"item\":\"https:\\\/\\\/www.europa-prefabri.com\\\/\"},{\"@type\":\"ListItem\",\"position\":2,\"name\":\"Advantages of the use of portable toilets\"}]},{\"@type\":\"WebSite\",\"@id\":\"https:\\\/\\\/www.europa-prefabri.com\\\/#website\",\"url\":\"https:\\\/\\\/www.europa-prefabri.com\\\/\",\"name\":\"Europa Prefabri | Alquiler y venta de construcciones modulares\",\"description\":\"Alquiler y venta de construcciones modulares, casetas de obra, marquesinas de aparcamiento y vallas y cerramientos.\",\"publisher\":{\"@id\":\"https:\\\/\\\/www.europa-prefabri.com\\\/#organization\"},\"potentialAction\":[{\"@type\":\"SearchAction\",\"target\":{\"@type\":\"EntryPoint\",\"urlTemplate\":\"https:\\\/\\\/www.europa-prefabri.com\\\/?s={search_term_string}\"},\"query-input\":{\"@type\":\"PropertyValueSpecification\",\"valueRequired\":true,\"valueName\":\"search_term_string\"}}],\"inLanguage\":\"en-US\"},{\"@type\":\"Organization\",\"@id\":\"https:\\\/\\\/www.europa-prefabri.com\\\/#organization\",\"name\":\"Prefabri S.L.\",\"url\":\"https:\\\/\\\/www.europa-prefabri.com\\\/\",\"logo\":{\"@type\":\"ImageObject\",\"inLanguage\":\"en-US\",\"@id\":\"https:\\\/\\\/www.europa-prefabri.com\\\/#\\\/schema\\\/logo\\\/image\\\/\",\"url\":\"https:\\\/\\\/www.europa-prefabri.com\\\/wp-content\\\/uploads\\\/EuropaPrefabri-Logo.jpg\",\"contentUrl\":\"https:\\\/\\\/www.europa-prefabri.com\\\/wp-content\\\/uploads\\\/EuropaPrefabri-Logo.jpg\",\"width\":752,\"height\":348,\"caption\":\"Prefabri S.L.\"},\"image\":{\"@id\":\"https:\\\/\\\/www.europa-prefabri.com\\\/#\\\/schema\\\/logo\\\/image\\\/\"},\"sameAs\":[\"https:\\\/\\\/www.facebook.com\\\/Europa-Prefabri-258328977572213\\\/\",\"https:\\\/\\\/x.com\\\/EuropaPrefabri\",\"https:\\\/\\\/www.instagram.com\\\/europaprefabri\\\/\",\"https:\\\/\\\/es.linkedin.com\\\/company\\\/europa-prefabri\",\"https:\\\/\\\/es.pinterest.com\\\/europaprefabri\\\/\",\"https:\\\/\\\/www.youtube.com\\\/user\\\/PrefabriSL\"]},{\"@type\":\"Person\",\"@id\":\"https:\\\/\\\/www.europa-prefabri.com\\\/#\\\/schema\\\/person\\\/2ab6be5821a7026cd8f16d2a9411e86e\",\"name\":\"admin\",\"image\":{\"@type\":\"ImageObject\",\"inLanguage\":\"en-US\",\"@id\":\"https:\\\/\\\/secure.gravatar.com\\\/avatar\\\/dc55d3f4b941a1510eef2620b2c166513788bd88ef72341333b6d0a859bacd3c?s=96&d=mm&r=g\",\"url\":\"https:\\\/\\\/secure.gravatar.com\\\/avatar\\\/dc55d3f4b941a1510eef2620b2c166513788bd88ef72341333b6d0a859bacd3c?s=96&d=mm&r=g\",\"contentUrl\":\"https:\\\/\\\/secure.gravatar.com\\\/avatar\\\/dc55d3f4b941a1510eef2620b2c166513788bd88ef72341333b6d0a859bacd3c?s=96&d=mm&r=g\",\"caption\":\"admin\"},\"sameAs\":[\"https:\\\/\\\/www.europa-prefabri.com\",\"https:\\\/\\\/x.com\\\/@EuropaPrefabri\"]}]}<\/script>\n<!-- \/ Yoast SEO plugin. -->","yoast_head_json":{"title":"Portable toilets, a new economical and ecological solution","description":"Portable toilets bring their grain of sand for the protection of the environment with a more responsible use of the water.","robots":{"index":"index","follow":"follow","max-snippet":"max-snippet:-1","max-image-preview":"max-image-preview:large","max-video-preview":"max-video-preview:-1"},"canonical":"https:\/\/www.europa-prefabri.com\/en\/advantages-of-portable-toilets\/","og_locale":"en_US","og_type":"article","og_title":"Portable toilets, a new economical and ecological solution","og_description":"Portable toilets bring their grain of sand for the protection of the environment with a more responsible use of the water.","og_url":"https:\/\/www.europa-prefabri.com\/en\/advantages-of-portable-toilets\/","og_site_name":"Europa Prefabri | Alquiler y venta de construcciones modulares","article_publisher":"https:\/\/www.facebook.com\/Europa-Prefabri-258328977572213\/","article_published_time":"2017-04-25T13:13:47+00:00","article_modified_time":"2018-03-28T14:37:28+00:00","og_image":[{"width":800,"height":600,"url":"https:\/\/www.europa-prefabri.com\/wp-content\/uploads\/sanitarios-para-eventos.jpg","type":"image\/jpeg"}],"author":"admin","twitter_card":"summary_large_image","twitter_creator":"@EuropaPrefabri","twitter_site":"@EuropaPrefabri","twitter_misc":{"Written by":"admin","Est. reading time":"4 minutes"},"schema":{"@context":"https:\/\/schema.org","@graph":[{"@type":"Article","@id":"https:\/\/www.europa-prefabri.com\/en\/advantages-of-portable-toilets\/#article","isPartOf":{"@id":"https:\/\/www.europa-prefabri.com\/en\/advantages-of-portable-toilets\/"},"author":{"name":"admin","@id":"https:\/\/www.europa-prefabri.com\/#\/schema\/person\/2ab6be5821a7026cd8f16d2a9411e86e"},"headline":"Advantages of the use of portable toilets","datePublished":"2017-04-25T13:13:47+00:00","dateModified":"2018-03-28T14:37:28+00:00","mainEntityOfPage":{"@id":"https:\/\/www.europa-prefabri.com\/en\/advantages-of-portable-toilets\/"},"wordCount":825,"publisher":{"@id":"https:\/\/www.europa-prefabri.com\/#organization"},"image":{"@id":"https:\/\/www.europa-prefabri.com\/en\/advantages-of-portable-toilets\/#primaryimage"},"thumbnailUrl":"https:\/\/www.europa-prefabri.com\/wp-content\/uploads\/sanitarios-para-eventos.jpg","keywords":["portable toilets"],"articleSection":["Projects"],"inLanguage":"en-US"},{"@type":"WebPage","@id":"https:\/\/www.europa-prefabri.com\/en\/advantages-of-portable-toilets\/","url":"https:\/\/www.europa-prefabri.com\/en\/advantages-of-portable-toilets\/","name":"Portable toilets, a new economical and ecological solution","isPartOf":{"@id":"https:\/\/www.europa-prefabri.com\/#website"},"primaryImageOfPage":{"@id":"https:\/\/www.europa-prefabri.com\/en\/advantages-of-portable-toilets\/#primaryimage"},"image":{"@id":"https:\/\/www.europa-prefabri.com\/en\/advantages-of-portable-toilets\/#primaryimage"},"thumbnailUrl":"https:\/\/www.europa-prefabri.com\/wp-content\/uploads\/sanitarios-para-eventos.jpg","datePublished":"2017-04-25T13:13:47+00:00","dateModified":"2018-03-28T14:37:28+00:00","description":"Portable toilets bring their grain of sand for the protection of the environment with a more responsible use of the water.","breadcrumb":{"@id":"https:\/\/www.europa-prefabri.com\/en\/advantages-of-portable-toilets\/#breadcrumb"},"inLanguage":"en-US","potentialAction":[{"@type":"ReadAction","target":["https:\/\/www.europa-prefabri.com\/en\/advantages-of-portable-toilets\/"]}]},{"@type":"ImageObject","inLanguage":"en-US","@id":"https:\/\/www.europa-prefabri.com\/en\/advantages-of-portable-toilets\/#primaryimage","url":"https:\/\/www.europa-prefabri.com\/wp-content\/uploads\/sanitarios-para-eventos.jpg","contentUrl":"https:\/\/www.europa-prefabri.com\/wp-content\/uploads\/sanitarios-para-eventos.jpg","width":800,"height":600,"caption":"portable toilets"},{"@type":"BreadcrumbList","@id":"https:\/\/www.europa-prefabri.com\/en\/advantages-of-portable-toilets\/#breadcrumb","itemListElement":[{"@type":"ListItem","position":1,"name":"Portada","item":"https:\/\/www.europa-prefabri.com\/"},{"@type":"ListItem","position":2,"name":"Advantages of the use of portable toilets"}]},{"@type":"WebSite","@id":"https:\/\/www.europa-prefabri.com\/#website","url":"https:\/\/www.europa-prefabri.com\/","name":"Europa Prefabri | Alquiler y venta de construcciones modulares","description":"Alquiler y venta de construcciones modulares, casetas de obra, marquesinas de aparcamiento y vallas y cerramientos.","publisher":{"@id":"https:\/\/www.europa-prefabri.com\/#organization"},"potentialAction":[{"@type":"SearchAction","target":{"@type":"EntryPoint","urlTemplate":"https:\/\/www.europa-prefabri.com\/?s={search_term_string}"},"query-input":{"@type":"PropertyValueSpecification","valueRequired":true,"valueName":"search_term_string"}}],"inLanguage":"en-US"},{"@type":"Organization","@id":"https:\/\/www.europa-prefabri.com\/#organization","name":"Prefabri S.L.","url":"https:\/\/www.europa-prefabri.com\/","logo":{"@type":"ImageObject","inLanguage":"en-US","@id":"https:\/\/www.europa-prefabri.com\/#\/schema\/logo\/image\/","url":"https:\/\/www.europa-prefabri.com\/wp-content\/uploads\/EuropaPrefabri-Logo.jpg","contentUrl":"https:\/\/www.europa-prefabri.com\/wp-content\/uploads\/EuropaPrefabri-Logo.jpg","width":752,"height":348,"caption":"Prefabri S.L."},"image":{"@id":"https:\/\/www.europa-prefabri.com\/#\/schema\/logo\/image\/"},"sameAs":["https:\/\/www.facebook.com\/Europa-Prefabri-258328977572213\/","https:\/\/x.com\/EuropaPrefabri","https:\/\/www.instagram.com\/europaprefabri\/","https:\/\/es.linkedin.com\/company\/europa-prefabri","https:\/\/es.pinterest.com\/europaprefabri\/","https:\/\/www.youtube.com\/user\/PrefabriSL"]},{"@type":"Person","@id":"https:\/\/www.europa-prefabri.com\/#\/schema\/person\/2ab6be5821a7026cd8f16d2a9411e86e","name":"admin","image":{"@type":"ImageObject","inLanguage":"en-US","@id":"https:\/\/secure.gravatar.com\/avatar\/dc55d3f4b941a1510eef2620b2c166513788bd88ef72341333b6d0a859bacd3c?s=96&d=mm&r=g","url":"https:\/\/secure.gravatar.com\/avatar\/dc55d3f4b941a1510eef2620b2c166513788bd88ef72341333b6d0a859bacd3c?s=96&d=mm&r=g","contentUrl":"https:\/\/secure.gravatar.com\/avatar\/dc55d3f4b941a1510eef2620b2c166513788bd88ef72341333b6d0a859bacd3c?s=96&d=mm&r=g","caption":"admin"},"sameAs":["https:\/\/www.europa-prefabri.com","https:\/\/x.com\/@EuropaPrefabri"]}]}},"_links":{"self":[{"href":"https:\/\/www.europa-prefabri.com\/en\/wp-json\/wp\/v2\/posts\/15867","targetHints":{"allow":["GET"]}}],"collection":[{"href":"https:\/\/www.europa-prefabri.com\/en\/wp-json\/wp\/v2\/posts"}],"about":[{"href":"https:\/\/www.europa-prefabri.com\/en\/wp-json\/wp\/v2\/types\/post"}],"author":[{"embeddable":true,"href":"https:\/\/www.europa-prefabri.com\/en\/wp-json\/wp\/v2\/users\/4"}],"replies":[{"embeddable":true,"href":"https:\/\/www.europa-prefabri.com\/en\/wp-json\/wp\/v2\/comments?post=15867"}],"version-history":[{"count":0,"href":"https:\/\/www.europa-prefabri.com\/en\/wp-json\/wp\/v2\/posts\/15867\/revisions"}],"wp:featuredmedia":[{"embeddable":true,"href":"https:\/\/www.europa-prefabri.com\/en\/wp-json\/wp\/v2\/media\/13720"}],"wp:attachment":[{"href":"https:\/\/www.europa-prefabri.com\/en\/wp-json\/wp\/v2\/media?parent=15867"}],"wp:term":[{"taxonomy":"category","embeddable":true,"href":"https:\/\/www.europa-prefabri.com\/en\/wp-json\/wp\/v2\/categories?post=15867"},{"taxonomy":"post_tag","embeddable":true,"href":"https:\/\/www.europa-prefabri.com\/en\/wp-json\/wp\/v2\/tags?post=15867"}],"curies":[{"name":"wp","href":"https:\/\/api.w.org\/{rel}","templated":true}]}}