{"id":10282,"date":"2016-03-29T10:00:07","date_gmt":"2016-03-29T10:00:07","guid":{"rendered":"http:\/\/www.europa-prefabri.com\/de\/?p=10282"},"modified":"2025-01-31T10:34:54","modified_gmt":"2025-01-31T09:34:54","slug":"modulares-arbeiterlager-kamerun","status":"publish","type":"post","link":"https:\/\/www.europa-prefabri.com\/de\/modulares-arbeiterlager-kamerun\/","title":{"rendered":"MODULARES ARBEITERLAGER IN KAMERUN"},"content":{"rendered":"<section  class='av_textblock_section av-m6kkaw0k-89f6e25a0b1770412548289318218e0e '   itemscope=\"itemscope\" itemtype=\"https:\/\/schema.org\/BlogPosting\" itemprop=\"blogPost\" ><div class='avia_textblock'  itemprop=\"text\" ><p>Vor kurzem haben wir die Installation eines Arbeitercamps f\u00fcr die Arbeiter einer wichtigen Baugesellschaft beendet. Das Unternehmen entwickelt diverse Projekte im Land.<\/p>\n<p>Das Lager befindet sich in Kribi, etwa 100 km s\u00fcdlich von Douala.<\/p>\n<p>Wir haben verschiedene modulare Geb\u00e4ude f\u00fcr verschiedene Zwecke wie zum Beispiel f\u00fcr B\u00fcros, Labore, K\u00fcchen, Toiletten, etc. auf einer Fl\u00e4che von 500 m2 installiert.<\/p>\n<p><a href=\"https:\/\/www.europa-prefabri.com\/wp-content\/uploads\/IMG-20131111-WA000_800x600.jpg\"><img loading=\"lazy\" decoding=\"async\" class=\"alignnone size-medium wp-image-3238\" src=\"https:\/\/www.europa-prefabri.com\/wp-content\/uploads\/IMG-20131111-WA000_800x600.jpg\" alt=\"campamento para trabajadores\" width=\"300\" height=\"225\" \/><\/a> <a href=\"https:\/\/www.europa-prefabri.com\/wp-content\/uploads\/IMG-20131031-WA002_800x6001.jpg\"><img loading=\"lazy\" decoding=\"async\" class=\"alignnone size-medium wp-image-3237\" src=\"https:\/\/www.europa-prefabri.com\/wp-content\/uploads\/IMG-20131031-WA002_800x6001-300x225.jpg\" alt=\"modulos prefabricados de obra\" width=\"300\" height=\"225\" srcset=\"https:\/\/www.europa-prefabri.com\/wp-content\/uploads\/IMG-20131031-WA002_800x6001-300x225.jpg 300w, https:\/\/www.europa-prefabri.com\/wp-content\/uploads\/IMG-20131031-WA002_800x6001-450x337.jpg 450w, https:\/\/www.europa-prefabri.com\/wp-content\/uploads\/IMG-20131031-WA002_800x6001.jpg 800w\" sizes=\"auto, (max-width: 300px) 100vw, 300px\" \/><\/a> <a href=\"https:\/\/www.europa-prefabri.com\/wp-content\/uploads\/IMG-20131031-WA001_800x600.jpg\"><img loading=\"lazy\" decoding=\"async\" class=\"alignnone size-medium wp-image-3236\" src=\"https:\/\/www.europa-prefabri.com\/wp-content\/uploads\/IMG-20131031-WA001_800x600-300x225.jpg\" alt=\"campamento modular\" width=\"300\" height=\"225\" srcset=\"https:\/\/www.europa-prefabri.com\/wp-content\/uploads\/IMG-20131031-WA001_800x600-300x225.jpg 300w, https:\/\/www.europa-prefabri.com\/wp-content\/uploads\/IMG-20131031-WA001_800x600-450x337.jpg 450w, https:\/\/www.europa-prefabri.com\/wp-content\/uploads\/IMG-20131031-WA001_800x600.jpg 800w\" sizes=\"auto, (max-width: 300px) 100vw, 300px\" \/><\/a> <a href=\"https:\/\/www.europa-prefabri.com\/wp-content\/uploads\/IMG-20131031-WA000_800x600.jpg\"><img loading=\"lazy\" decoding=\"async\" class=\"alignnone size-medium wp-image-3235\" src=\"https:\/\/www.europa-prefabri.com\/wp-content\/uploads\/IMG-20131031-WA000_800x600-300x225.jpg\" alt=\"IMG-20131031-WA000_800x600\" width=\"300\" height=\"225\" srcset=\"https:\/\/www.europa-prefabri.com\/wp-content\/uploads\/IMG-20131031-WA000_800x600-300x225.jpg 300w, https:\/\/www.europa-prefabri.com\/wp-content\/uploads\/IMG-20131031-WA000_800x600-450x337.jpg 450w, https:\/\/www.europa-prefabri.com\/wp-content\/uploads\/IMG-20131031-WA000_800x600.jpg 800w\" sizes=\"auto, (max-width: 300px) 100vw, 300px\" \/><\/a> <a href=\"https:\/\/www.europa-prefabri.com\/wp-content\/uploads\/IMG-20131029-WA001_800x600.jpg\"><img loading=\"lazy\" decoding=\"async\" class=\"alignnone size-medium wp-image-3234\" src=\"https:\/\/www.europa-prefabri.com\/wp-content\/uploads\/IMG-20131029-WA001_800x600-300x225.jpg\" alt=\"IMG-20131029-WA001_800x600\" width=\"300\" height=\"225\" srcset=\"https:\/\/www.europa-prefabri.com\/wp-content\/uploads\/IMG-20131029-WA001_800x600-300x225.jpg 300w, https:\/\/www.europa-prefabri.com\/wp-content\/uploads\/IMG-20131029-WA001_800x600-450x337.jpg 450w, https:\/\/www.europa-prefabri.com\/wp-content\/uploads\/IMG-20131029-WA001_800x600.jpg 800w\" sizes=\"auto, (max-width: 300px) 100vw, 300px\" \/><\/a> <a href=\"https:\/\/www.europa-prefabri.com\/wp-content\/uploads\/IMG-20131024-WA001_800x600.jpg\"><img loading=\"lazy\" decoding=\"async\" class=\"alignnone size-medium wp-image-3231\" src=\"https:\/\/www.europa-prefabri.com\/wp-content\/uploads\/IMG-20131024-WA001_800x600-300x225.jpg\" alt=\"montaje campamento modular\" width=\"300\" height=\"225\" srcset=\"https:\/\/www.europa-prefabri.com\/wp-content\/uploads\/IMG-20131024-WA001_800x600-300x225.jpg 300w, https:\/\/www.europa-prefabri.com\/wp-content\/uploads\/IMG-20131024-WA001_800x600-450x337.jpg 450w, https:\/\/www.europa-prefabri.com\/wp-content\/uploads\/IMG-20131024-WA001_800x600.jpg 800w\" sizes=\"auto, (max-width: 300px) 100vw, 300px\" \/><\/a><\/p>\n<\/div><\/section>\n","protected":false},"excerpt":{"rendered":"","protected":false},"author":4,"featured_media":12411,"comment_status":"closed","ping_status":"closed","sticky":false,"template":"","format":"standard","meta":{"footnotes":""},"categories":[303],"tags":[],"class_list":["post-10282","post","type-post","status-publish","format-standard","has-post-thumbnail","hentry","category-neuigkeiten"],"yoast_head":"<!-- This site is optimized with the Yoast SEO plugin v27.5 - https:\/\/yoast.com\/product\/yoast-seo-wordpress\/ -->\n<title>Europa Prefabri - Installation eines modularen Arbeiterlager in Kamerun<\/title>\n<meta name=\"description\" content=\"Europa Prefabri hat die Installation eines Arbeiterlagers mit einer Fl\u00e4che von 500m2 beendet. Das Modulgeb\u00e4ude dient f\u00fcr B\u00fcros, K\u00fcchen, Labore etc.\" \/>\n<meta name=\"robots\" content=\"index, follow, max-snippet:-1, max-image-preview:large, max-video-preview:-1\" \/>\n<link rel=\"canonical\" href=\"https:\/\/www.europa-prefabri.com\/de\/modulares-arbeiterlager-kamerun\/\" \/>\n<meta property=\"og:locale\" content=\"de_DE\" \/>\n<meta property=\"og:type\" content=\"article\" \/>\n<meta property=\"og:title\" content=\"Europa Prefabri - Installation eines modularen Arbeiterlager in Kamerun\" \/>\n<meta property=\"og:description\" content=\"Europa Prefabri hat die Installation eines Arbeiterlagers mit einer Fl\u00e4che von 500m2 beendet. Das Modulgeb\u00e4ude dient f\u00fcr B\u00fcros, K\u00fcchen, Labore etc.\" \/>\n<meta property=\"og:url\" content=\"https:\/\/www.europa-prefabri.com\/de\/modulares-arbeiterlager-kamerun\/\" \/>\n<meta property=\"og:site_name\" content=\"Europa Prefabri | Alquiler y venta de construcciones modulares\" \/>\n<meta property=\"article:publisher\" content=\"https:\/\/www.facebook.com\/Europa-Prefabri-258328977572213\/\" \/>\n<meta property=\"article:published_time\" content=\"2016-03-29T10:00:07+00:00\" \/>\n<meta property=\"article:modified_time\" content=\"2025-01-31T09:34:54+00:00\" \/>\n<meta property=\"og:image\" content=\"https:\/\/www.europa-prefabri.com\/wp-content\/uploads\/2-campamento-modular.jpg\" \/>\n\t<meta property=\"og:image:width\" content=\"710\" \/>\n\t<meta property=\"og:image:height\" content=\"575\" \/>\n\t<meta property=\"og:image:type\" content=\"image\/jpeg\" \/>\n<meta name=\"author\" content=\"admin\" \/>\n<meta name=\"twitter:card\" content=\"summary_large_image\" \/>\n<meta name=\"twitter:creator\" content=\"@EuropaPrefabri\" \/>\n<meta name=\"twitter:site\" content=\"@EuropaPrefabri\" \/>\n<meta name=\"twitter:label1\" content=\"Written by\" \/>\n\t<meta name=\"twitter:data1\" content=\"admin\" \/>\n\t<meta name=\"twitter:label2\" content=\"Est. reading time\" \/>\n\t<meta name=\"twitter:data2\" content=\"2 minutes\" \/>\n<script type=\"application\/ld+json\" class=\"yoast-schema-graph\">{\"@context\":\"https:\\\/\\\/schema.org\",\"@graph\":[{\"@type\":\"Article\",\"@id\":\"https:\\\/\\\/www.europa-prefabri.com\\\/de\\\/modulares-arbeiterlager-kamerun\\\/#article\",\"isPartOf\":{\"@id\":\"https:\\\/\\\/www.europa-prefabri.com\\\/de\\\/modulares-arbeiterlager-kamerun\\\/\"},\"author\":{\"name\":\"admin\",\"@id\":\"https:\\\/\\\/www.europa-prefabri.com\\\/#\\\/schema\\\/person\\\/2ab6be5821a7026cd8f16d2a9411e86e\"},\"headline\":\"MODULARES ARBEITERLAGER IN KAMERUN\",\"datePublished\":\"2016-03-29T10:00:07+00:00\",\"dateModified\":\"2025-01-31T09:34:54+00:00\",\"mainEntityOfPage\":{\"@id\":\"https:\\\/\\\/www.europa-prefabri.com\\\/de\\\/modulares-arbeiterlager-kamerun\\\/\"},\"wordCount\":185,\"publisher\":{\"@id\":\"https:\\\/\\\/www.europa-prefabri.com\\\/#organization\"},\"image\":{\"@id\":\"https:\\\/\\\/www.europa-prefabri.com\\\/de\\\/modulares-arbeiterlager-kamerun\\\/#primaryimage\"},\"thumbnailUrl\":\"https:\\\/\\\/www.europa-prefabri.com\\\/wp-content\\\/uploads\\\/2-campamento-modular.jpg\",\"articleSection\":[\"neuigkeiten\"],\"inLanguage\":\"de-DE\"},{\"@type\":\"WebPage\",\"@id\":\"https:\\\/\\\/www.europa-prefabri.com\\\/de\\\/modulares-arbeiterlager-kamerun\\\/\",\"url\":\"https:\\\/\\\/www.europa-prefabri.com\\\/de\\\/modulares-arbeiterlager-kamerun\\\/\",\"name\":\"Europa Prefabri - Installation eines modularen Arbeiterlager in Kamerun\",\"isPartOf\":{\"@id\":\"https:\\\/\\\/www.europa-prefabri.com\\\/#website\"},\"primaryImageOfPage\":{\"@id\":\"https:\\\/\\\/www.europa-prefabri.com\\\/de\\\/modulares-arbeiterlager-kamerun\\\/#primaryimage\"},\"image\":{\"@id\":\"https:\\\/\\\/www.europa-prefabri.com\\\/de\\\/modulares-arbeiterlager-kamerun\\\/#primaryimage\"},\"thumbnailUrl\":\"https:\\\/\\\/www.europa-prefabri.com\\\/wp-content\\\/uploads\\\/2-campamento-modular.jpg\",\"datePublished\":\"2016-03-29T10:00:07+00:00\",\"dateModified\":\"2025-01-31T09:34:54+00:00\",\"description\":\"Europa Prefabri hat die Installation eines Arbeiterlagers mit einer Fl\u00e4che von 500m2 beendet. Das Modulgeb\u00e4ude dient f\u00fcr B\u00fcros, K\u00fcchen, Labore etc.\",\"breadcrumb\":{\"@id\":\"https:\\\/\\\/www.europa-prefabri.com\\\/de\\\/modulares-arbeiterlager-kamerun\\\/#breadcrumb\"},\"inLanguage\":\"de-DE\",\"potentialAction\":[{\"@type\":\"ReadAction\",\"target\":[\"https:\\\/\\\/www.europa-prefabri.com\\\/de\\\/modulares-arbeiterlager-kamerun\\\/\"]}]},{\"@type\":\"ImageObject\",\"inLanguage\":\"de-DE\",\"@id\":\"https:\\\/\\\/www.europa-prefabri.com\\\/de\\\/modulares-arbeiterlager-kamerun\\\/#primaryimage\",\"url\":\"https:\\\/\\\/www.europa-prefabri.com\\\/wp-content\\\/uploads\\\/2-campamento-modular.jpg\",\"contentUrl\":\"https:\\\/\\\/www.europa-prefabri.com\\\/wp-content\\\/uploads\\\/2-campamento-modular.jpg\",\"width\":710,\"height\":575},{\"@type\":\"BreadcrumbList\",\"@id\":\"https:\\\/\\\/www.europa-prefabri.com\\\/de\\\/modulares-arbeiterlager-kamerun\\\/#breadcrumb\",\"itemListElement\":[{\"@type\":\"ListItem\",\"position\":1,\"name\":\"Portada\",\"item\":\"https:\\\/\\\/www.europa-prefabri.com\\\/de\\\/\"},{\"@type\":\"ListItem\",\"position\":2,\"name\":\"MODULARES ARBEITERLAGER IN KAMERUN\"}]},{\"@type\":\"WebSite\",\"@id\":\"https:\\\/\\\/www.europa-prefabri.com\\\/#website\",\"url\":\"https:\\\/\\\/www.europa-prefabri.com\\\/\",\"name\":\"Europa Prefabri | Alquiler y venta de construcciones modulares\",\"description\":\"Alquiler y venta de construcciones modulares, casetas de obra, marquesinas de aparcamiento y vallas y cerramientos.\",\"publisher\":{\"@id\":\"https:\\\/\\\/www.europa-prefabri.com\\\/#organization\"},\"potentialAction\":[{\"@type\":\"SearchAction\",\"target\":{\"@type\":\"EntryPoint\",\"urlTemplate\":\"https:\\\/\\\/www.europa-prefabri.com\\\/?s={search_term_string}\"},\"query-input\":{\"@type\":\"PropertyValueSpecification\",\"valueRequired\":true,\"valueName\":\"search_term_string\"}}],\"inLanguage\":\"de-DE\"},{\"@type\":\"Organization\",\"@id\":\"https:\\\/\\\/www.europa-prefabri.com\\\/#organization\",\"name\":\"Prefabri S.L.\",\"url\":\"https:\\\/\\\/www.europa-prefabri.com\\\/\",\"logo\":{\"@type\":\"ImageObject\",\"inLanguage\":\"de-DE\",\"@id\":\"https:\\\/\\\/www.europa-prefabri.com\\\/#\\\/schema\\\/logo\\\/image\\\/\",\"url\":\"https:\\\/\\\/www.europa-prefabri.com\\\/wp-content\\\/uploads\\\/EuropaPrefabri-Logo.jpg\",\"contentUrl\":\"https:\\\/\\\/www.europa-prefabri.com\\\/wp-content\\\/uploads\\\/EuropaPrefabri-Logo.jpg\",\"width\":752,\"height\":348,\"caption\":\"Prefabri S.L.\"},\"image\":{\"@id\":\"https:\\\/\\\/www.europa-prefabri.com\\\/#\\\/schema\\\/logo\\\/image\\\/\"},\"sameAs\":[\"https:\\\/\\\/www.facebook.com\\\/Europa-Prefabri-258328977572213\\\/\",\"https:\\\/\\\/x.com\\\/EuropaPrefabri\",\"https:\\\/\\\/www.instagram.com\\\/europaprefabri\\\/\",\"https:\\\/\\\/es.linkedin.com\\\/company\\\/europa-prefabri\",\"https:\\\/\\\/es.pinterest.com\\\/europaprefabri\\\/\",\"https:\\\/\\\/www.youtube.com\\\/user\\\/PrefabriSL\"]},{\"@type\":\"Person\",\"@id\":\"https:\\\/\\\/www.europa-prefabri.com\\\/#\\\/schema\\\/person\\\/2ab6be5821a7026cd8f16d2a9411e86e\",\"name\":\"admin\",\"image\":{\"@type\":\"ImageObject\",\"inLanguage\":\"de-DE\",\"@id\":\"https:\\\/\\\/secure.gravatar.com\\\/avatar\\\/dc55d3f4b941a1510eef2620b2c166513788bd88ef72341333b6d0a859bacd3c?s=96&d=mm&r=g\",\"url\":\"https:\\\/\\\/secure.gravatar.com\\\/avatar\\\/dc55d3f4b941a1510eef2620b2c166513788bd88ef72341333b6d0a859bacd3c?s=96&d=mm&r=g\",\"contentUrl\":\"https:\\\/\\\/secure.gravatar.com\\\/avatar\\\/dc55d3f4b941a1510eef2620b2c166513788bd88ef72341333b6d0a859bacd3c?s=96&d=mm&r=g\",\"caption\":\"admin\"},\"sameAs\":[\"https:\\\/\\\/www.europa-prefabri.com\",\"https:\\\/\\\/x.com\\\/@EuropaPrefabri\"]}]}<\/script>\n<!-- \/ Yoast SEO plugin. -->","yoast_head_json":{"title":"Europa Prefabri - Installation eines modularen Arbeiterlager in Kamerun","description":"Europa Prefabri hat die Installation eines Arbeiterlagers mit einer Fl\u00e4che von 500m2 beendet. Das Modulgeb\u00e4ude dient f\u00fcr B\u00fcros, K\u00fcchen, Labore etc.","robots":{"index":"index","follow":"follow","max-snippet":"max-snippet:-1","max-image-preview":"max-image-preview:large","max-video-preview":"max-video-preview:-1"},"canonical":"https:\/\/www.europa-prefabri.com\/de\/modulares-arbeiterlager-kamerun\/","og_locale":"de_DE","og_type":"article","og_title":"Europa Prefabri - Installation eines modularen Arbeiterlager in Kamerun","og_description":"Europa Prefabri hat die Installation eines Arbeiterlagers mit einer Fl\u00e4che von 500m2 beendet. Das Modulgeb\u00e4ude dient f\u00fcr B\u00fcros, K\u00fcchen, Labore etc.","og_url":"https:\/\/www.europa-prefabri.com\/de\/modulares-arbeiterlager-kamerun\/","og_site_name":"Europa Prefabri | Alquiler y venta de construcciones modulares","article_publisher":"https:\/\/www.facebook.com\/Europa-Prefabri-258328977572213\/","article_published_time":"2016-03-29T10:00:07+00:00","article_modified_time":"2025-01-31T09:34:54+00:00","og_image":[{"width":710,"height":575,"url":"https:\/\/www.europa-prefabri.com\/wp-content\/uploads\/2-campamento-modular.jpg","type":"image\/jpeg"}],"author":"admin","twitter_card":"summary_large_image","twitter_creator":"@EuropaPrefabri","twitter_site":"@EuropaPrefabri","twitter_misc":{"Written by":"admin","Est. reading time":"2 minutes"},"schema":{"@context":"https:\/\/schema.org","@graph":[{"@type":"Article","@id":"https:\/\/www.europa-prefabri.com\/de\/modulares-arbeiterlager-kamerun\/#article","isPartOf":{"@id":"https:\/\/www.europa-prefabri.com\/de\/modulares-arbeiterlager-kamerun\/"},"author":{"name":"admin","@id":"https:\/\/www.europa-prefabri.com\/#\/schema\/person\/2ab6be5821a7026cd8f16d2a9411e86e"},"headline":"MODULARES ARBEITERLAGER IN KAMERUN","datePublished":"2016-03-29T10:00:07+00:00","dateModified":"2025-01-31T09:34:54+00:00","mainEntityOfPage":{"@id":"https:\/\/www.europa-prefabri.com\/de\/modulares-arbeiterlager-kamerun\/"},"wordCount":185,"publisher":{"@id":"https:\/\/www.europa-prefabri.com\/#organization"},"image":{"@id":"https:\/\/www.europa-prefabri.com\/de\/modulares-arbeiterlager-kamerun\/#primaryimage"},"thumbnailUrl":"https:\/\/www.europa-prefabri.com\/wp-content\/uploads\/2-campamento-modular.jpg","articleSection":["neuigkeiten"],"inLanguage":"de-DE"},{"@type":"WebPage","@id":"https:\/\/www.europa-prefabri.com\/de\/modulares-arbeiterlager-kamerun\/","url":"https:\/\/www.europa-prefabri.com\/de\/modulares-arbeiterlager-kamerun\/","name":"Europa Prefabri - Installation eines modularen Arbeiterlager in Kamerun","isPartOf":{"@id":"https:\/\/www.europa-prefabri.com\/#website"},"primaryImageOfPage":{"@id":"https:\/\/www.europa-prefabri.com\/de\/modulares-arbeiterlager-kamerun\/#primaryimage"},"image":{"@id":"https:\/\/www.europa-prefabri.com\/de\/modulares-arbeiterlager-kamerun\/#primaryimage"},"thumbnailUrl":"https:\/\/www.europa-prefabri.com\/wp-content\/uploads\/2-campamento-modular.jpg","datePublished":"2016-03-29T10:00:07+00:00","dateModified":"2025-01-31T09:34:54+00:00","description":"Europa Prefabri hat die Installation eines Arbeiterlagers mit einer Fl\u00e4che von 500m2 beendet. Das Modulgeb\u00e4ude dient f\u00fcr B\u00fcros, K\u00fcchen, Labore etc.","breadcrumb":{"@id":"https:\/\/www.europa-prefabri.com\/de\/modulares-arbeiterlager-kamerun\/#breadcrumb"},"inLanguage":"de-DE","potentialAction":[{"@type":"ReadAction","target":["https:\/\/www.europa-prefabri.com\/de\/modulares-arbeiterlager-kamerun\/"]}]},{"@type":"ImageObject","inLanguage":"de-DE","@id":"https:\/\/www.europa-prefabri.com\/de\/modulares-arbeiterlager-kamerun\/#primaryimage","url":"https:\/\/www.europa-prefabri.com\/wp-content\/uploads\/2-campamento-modular.jpg","contentUrl":"https:\/\/www.europa-prefabri.com\/wp-content\/uploads\/2-campamento-modular.jpg","width":710,"height":575},{"@type":"BreadcrumbList","@id":"https:\/\/www.europa-prefabri.com\/de\/modulares-arbeiterlager-kamerun\/#breadcrumb","itemListElement":[{"@type":"ListItem","position":1,"name":"Portada","item":"https:\/\/www.europa-prefabri.com\/de\/"},{"@type":"ListItem","position":2,"name":"MODULARES ARBEITERLAGER IN KAMERUN"}]},{"@type":"WebSite","@id":"https:\/\/www.europa-prefabri.com\/#website","url":"https:\/\/www.europa-prefabri.com\/","name":"Europa Prefabri | Alquiler y venta de construcciones modulares","description":"Alquiler y venta de construcciones modulares, casetas de obra, marquesinas de aparcamiento y vallas y cerramientos.","publisher":{"@id":"https:\/\/www.europa-prefabri.com\/#organization"},"potentialAction":[{"@type":"SearchAction","target":{"@type":"EntryPoint","urlTemplate":"https:\/\/www.europa-prefabri.com\/?s={search_term_string}"},"query-input":{"@type":"PropertyValueSpecification","valueRequired":true,"valueName":"search_term_string"}}],"inLanguage":"de-DE"},{"@type":"Organization","@id":"https:\/\/www.europa-prefabri.com\/#organization","name":"Prefabri S.L.","url":"https:\/\/www.europa-prefabri.com\/","logo":{"@type":"ImageObject","inLanguage":"de-DE","@id":"https:\/\/www.europa-prefabri.com\/#\/schema\/logo\/image\/","url":"https:\/\/www.europa-prefabri.com\/wp-content\/uploads\/EuropaPrefabri-Logo.jpg","contentUrl":"https:\/\/www.europa-prefabri.com\/wp-content\/uploads\/EuropaPrefabri-Logo.jpg","width":752,"height":348,"caption":"Prefabri S.L."},"image":{"@id":"https:\/\/www.europa-prefabri.com\/#\/schema\/logo\/image\/"},"sameAs":["https:\/\/www.facebook.com\/Europa-Prefabri-258328977572213\/","https:\/\/x.com\/EuropaPrefabri","https:\/\/www.instagram.com\/europaprefabri\/","https:\/\/es.linkedin.com\/company\/europa-prefabri","https:\/\/es.pinterest.com\/europaprefabri\/","https:\/\/www.youtube.com\/user\/PrefabriSL"]},{"@type":"Person","@id":"https:\/\/www.europa-prefabri.com\/#\/schema\/person\/2ab6be5821a7026cd8f16d2a9411e86e","name":"admin","image":{"@type":"ImageObject","inLanguage":"de-DE","@id":"https:\/\/secure.gravatar.com\/avatar\/dc55d3f4b941a1510eef2620b2c166513788bd88ef72341333b6d0a859bacd3c?s=96&d=mm&r=g","url":"https:\/\/secure.gravatar.com\/avatar\/dc55d3f4b941a1510eef2620b2c166513788bd88ef72341333b6d0a859bacd3c?s=96&d=mm&r=g","contentUrl":"https:\/\/secure.gravatar.com\/avatar\/dc55d3f4b941a1510eef2620b2c166513788bd88ef72341333b6d0a859bacd3c?s=96&d=mm&r=g","caption":"admin"},"sameAs":["https:\/\/www.europa-prefabri.com","https:\/\/x.com\/@EuropaPrefabri"]}]}},"_links":{"self":[{"href":"https:\/\/www.europa-prefabri.com\/de\/wp-json\/wp\/v2\/posts\/10282","targetHints":{"allow":["GET"]}}],"collection":[{"href":"https:\/\/www.europa-prefabri.com\/de\/wp-json\/wp\/v2\/posts"}],"about":[{"href":"https:\/\/www.europa-prefabri.com\/de\/wp-json\/wp\/v2\/types\/post"}],"author":[{"embeddable":true,"href":"https:\/\/www.europa-prefabri.com\/de\/wp-json\/wp\/v2\/users\/4"}],"replies":[{"embeddable":true,"href":"https:\/\/www.europa-prefabri.com\/de\/wp-json\/wp\/v2\/comments?post=10282"}],"version-history":[{"count":2,"href":"https:\/\/www.europa-prefabri.com\/de\/wp-json\/wp\/v2\/posts\/10282\/revisions"}],"predecessor-version":[{"id":35633,"href":"https:\/\/www.europa-prefabri.com\/de\/wp-json\/wp\/v2\/posts\/10282\/revisions\/35633"}],"wp:featuredmedia":[{"embeddable":true,"href":"https:\/\/www.europa-prefabri.com\/de\/wp-json\/wp\/v2\/media\/12411"}],"wp:attachment":[{"href":"https:\/\/www.europa-prefabri.com\/de\/wp-json\/wp\/v2\/media?parent=10282"}],"wp:term":[{"taxonomy":"category","embeddable":true,"href":"https:\/\/www.europa-prefabri.com\/de\/wp-json\/wp\/v2\/categories?post=10282"},{"taxonomy":"post_tag","embeddable":true,"href":"https:\/\/www.europa-prefabri.com\/de\/wp-json\/wp\/v2\/tags?post=10282"}],"curies":[{"name":"wp","href":"https:\/\/api.w.org\/{rel}","templated":true}]}}